{"id":74048,"date":"2020-01-23T16:59:52","date_gmt":"2020-01-23T21:59:52","guid":{"rendered":"https:\/\/linitiative.ca\/International\/au-moins-40-soldats-syriens-tues-par-les-terroristes-a-idlib\/"},"modified":"2020-01-23T16:59:52","modified_gmt":"2020-01-23T21:59:52","slug":"au-moins-40-soldats-syriens-tues-par-les-terroristes-a-idlib","status":"publish","type":"post","link":"https:\/\/linitiative.ca\/International\/au-moins-40-soldats-syriens-tues-par-les-terroristes-a-idlib\/","title":{"rendered":"Au moins 40 soldats syriens tu\u00e9s par les terroristes \u00e0 Idlib"},"content":{"rendered":"<p><br class=\"autobr\"\/><br \/>\nAu moins 40 militaires syriens ont \u00e9t\u00e9 tu\u00e9s dans de plusieurs\u00a0attaques perp\u00e9tr\u00e9es le 22 janvier par environ 600 terroristes du Parti islamique du Turkestan et d\u2019Hayat Tahrir al-Cham (ex-Front Alnosra) dans le nord d\u2019Idlib, a fait savoir le Centre russe pour la r\u00e9conciliation des parties bellig\u00e9rantes en Syrie.<\/p>\n<p><br class=\"autobr\"\/><br \/>\nSuite \u00e0 ces attaques, les plus meurtri\u00e8res \u00e0 Idlib, les troupes gouvernementales syriennes ont d\u00fb battre en retraite dans la partie sud-est de la zone de d\u00e9sescalade d\u2019Idlib, a indiqu\u00e9 la m\u00eame source.<\/p>\n<p><br class=\"autobr\"\/><br \/>\nUtilisant trois chars, trois v\u00e9hicules blind\u00e9s et 54 camionnettes ainsi que quatre v\u00e9hicules pi\u00e9g\u00e9s, les terroristes, soutenus par la Turquie,\u00a0ont attaqu\u00e9 l\u2019arm\u00e9e syrienne sur deux axes.<\/p>\n<p><br class=\"autobr\"\/><br \/>\n\u00ab\u00a0Les troupes gouvernementales syriennes ont \u00e9limin\u00e9 jusqu\u2019\u00e0 50 radicaux et en ont bless\u00e9 jusqu\u2019\u00e0 90 autres. [La partie syrienne] a perdu au moins 40 personnes et compte 80 bless\u00e9s\u00a0\u00bb, a pr\u00e9cis\u00e9\u00a0le Centre russe.<\/p>\n<p>Des positions syriennes dans le sud-est de la zone de d\u00e9sescalade ont \u00e9t\u00e9 abandonn\u00e9es en raison d\u2019une autre attaque, \u00e0 l\u2019issue de laquelle deux localit\u00e9s (Samka et Hwain al Chaaf) sont pass\u00e9es sous le contr\u00f4le des terroristes. Ceux-ci ont \u00e9galement men\u00e9 cinq autres attaques le 22 janvier, dont l\u2019une, qui visait les positions d\u00e9fendant la ville d\u2019Alep, a \u00e9t\u00e9 repouss\u00e9e par les troupes syriennes.<\/p>\n<p><br class=\"autobr\"\/><br \/>\nDepuis le cessez-le-feu mis en place le 12 janvier dans la zone de d\u00e9sescalade d\u2019Idlib, le Centre russe pour la r\u00e9conciliation des parties bellig\u00e9rantes a enregistr\u00e9 plus de 400 violations commises par les terroristes.<\/p>\n<p><br class=\"autobr\"\/><br \/>\n\u00a0<\/p>\n<p>Auteur: Boudjedri<br \/>\n<a href=\"http:\/\/www.jeune-independant.net\/Au-moins-40-soldats-syriens-tues.html\">Cliquez ici pour lire l&rsquo;article depuis sa source.<\/a><\/p>\n","protected":false},"excerpt":{"rendered":"<p>Au moins 40 militaires syriens ont \u00e9t\u00e9 tu\u00e9s dans de plusieurs\u00a0attaques perp\u00e9tr\u00e9es le 22 janvier par environ 600 terroristes du Parti islamique du Turkestan et d\u2019Hayat Tahrir al-Cham (ex-Front Alnosra) dans le nord d\u2019Idlib, a fait savoir le Centre russe pour la r\u00e9conciliation des parties bellig\u00e9rantes en Syrie. Suite \u00e0 ces attaques, les plus meurtri\u00e8res [&hellip;]<\/p>\n","protected":false},"author":1737,"featured_media":0,"comment_status":"closed","ping_status":"closed","sticky":false,"template":"","format":"standard","meta":{"fifu_image_url":"","fifu_image_alt":"","footnotes":""},"categories":[73,53],"tags":[],"class_list":["post-74048","post","type-post","status-publish","format-standard","hentry","category-actualite","category-algerie"],"_links":{"self":[{"href":"https:\/\/linitiative.ca\/International\/wp-json\/wp\/v2\/posts\/74048","targetHints":{"allow":["GET"]}}],"collection":[{"href":"https:\/\/linitiative.ca\/International\/wp-json\/wp\/v2\/posts"}],"about":[{"href":"https:\/\/linitiative.ca\/International\/wp-json\/wp\/v2\/types\/post"}],"author":[{"embeddable":true,"href":"https:\/\/linitiative.ca\/International\/wp-json\/wp\/v2\/users\/1737"}],"replies":[{"embeddable":true,"href":"https:\/\/linitiative.ca\/International\/wp-json\/wp\/v2\/comments?post=74048"}],"version-history":[{"count":0,"href":"https:\/\/linitiative.ca\/International\/wp-json\/wp\/v2\/posts\/74048\/revisions"}],"wp:attachment":[{"href":"https:\/\/linitiative.ca\/International\/wp-json\/wp\/v2\/media?parent=74048"}],"wp:term":[{"taxonomy":"category","embeddable":true,"href":"https:\/\/linitiative.ca\/International\/wp-json\/wp\/v2\/categories?post=74048"},{"taxonomy":"post_tag","embeddable":true,"href":"https:\/\/linitiative.ca\/International\/wp-json\/wp\/v2\/tags?post=74048"}],"curies":[{"name":"wp","href":"https:\/\/api.w.org\/{rel}","templated":true}]}}