{"id":74053,"date":"2020-01-24T09:56:00","date_gmt":"2020-01-24T14:56:00","guid":{"rendered":"https:\/\/linitiative.ca\/International\/visite-de-tony-lowings-global-ceo-de-kfc-en-tunisie\/"},"modified":"2020-01-24T09:56:00","modified_gmt":"2020-01-24T14:56:00","slug":"visite-de-tony-lowings-global-ceo-de-kfc-en-tunisie","status":"publish","type":"post","link":"https:\/\/linitiative.ca\/International\/visite-de-tony-lowings-global-ceo-de-kfc-en-tunisie\/","title":{"rendered":"Visite de Tony Lowings, Global CEO de KFC en Tunisie"},"content":{"rendered":"<p>A la t\u00eate de 140 pays et plus de 23 000 restaurants dans le monde, Global CEO de KFC, Tony Lowings, \u00e9tait de passage \u00e0 Tunis les 9 et 10 janvier. Une visite qui co\u00efncide avec la c\u00e9l\u00e9bration de deux ans de l\u2019enseigne internationale en Tunisie.<\/p>\n<p>Le patron mondial de KFC, qui \u00e9tait accompagn\u00e9 de Sami Sabir, Global Chief Operating Officier (COO), ainsi que les directeurs du D\u00e9veloppement, Marketing et Op\u00e9rations de KFCen charge de la R\u00e9gion Afrique du Nord, Moyen-Orient Turquie et Pakistan, a salu\u00e9 le travail men\u00e9 par l\u2019\u00e9quipe tunisienne et n\u2019a pas tari d\u2019\u00e9loges sur ses r\u00e9alisations. \u00ab Des restaurants exceptionnels, une \u00e9quipe formidable, une grande passion pour l\u2019enseigne et un merveilleux pays \u00bb, a-t-il d\u00e9clar\u00e9 \u00e0 la fin de sa visite.<\/p>\n<p>KFC qui a ouvert son premier restaurant en Tunisie en janvier 2018 compte d\u00e9sormais 7 restaurants dont six dans le Grand Tunis et un restaurant au Mall of Sousse. Un deuxi\u00e8me point de vente dans la ville de Sousse devra ouvrir ses portes tr\u00e8s prochainement.\u00a0 L\u2019enseigne cl\u00f4turera l\u2019ann\u00e9e 2020 avec 10 restaurants.<\/p>\n<h2>Deux ans de succ\u00e8s en Tunisie<\/h2>\n<p>\u00abEn deux ans, Nous avons atteint 800 mille transactions, soit environ 2.5 millions de personnes qui ont mang\u00e9 chez nous en deux ans\u00bb, se r\u00e9jouit Amine Ben Chaabane, Brand Manager de KFC Tunisie. L\u2019enseigne qui a jusque-l\u00e0 permis la cr\u00e9ation de 250 emplois directs,est\u00a0 rapidement devenue l\u2019une des destinations les plus pris\u00e9es pour la restauration rapide dans le pays.<\/p>\n<p>Par ailleurs, depuis son impl\u00e9mentation en Tunisie, KFC n\u2019a cess\u00e9 de soutenir les acteurs locaux du secteur en choisissant de travailler avec des fournisseurs tunisiens, rigoureusement s\u00e9lectionn\u00e9s et certifi\u00e9s, ce qui offre \u00e0 ces derniers la possibilit\u00e9 d\u2019acc\u00e9der aux march\u00e9s internationaux de KFC et de YUM!, sa maison m\u00e8re.La franchise tunisienne a pour objectif de jouer le r\u00f4le de locomotive dans le secteur de la restauration rapide, et ce en poursuivant une d\u00e9marche qui place la qualit\u00e9 de son produit au c\u0153ur de ses engagements.<br \/>\u00a0<\/p>\n<p>Auteur:<br \/>\n<a href=\"https:\/\/www.leaders.com.tn\/article\/28959-visite-de-tony-lowings-global-ceo-de-kfc-en-tunisie\">Cliquez ici pour lire l&rsquo;article depuis sa source.<\/a><\/p>\n","protected":false},"excerpt":{"rendered":"<p>A la t\u00eate de 140 pays et plus de 23 000 restaurants dans le monde, Global CEO de KFC, Tony Lowings, \u00e9tait de passage \u00e0 Tunis les 9 et 10 janvier. Une visite qui co\u00efncide avec la c\u00e9l\u00e9bration de deux ans de l\u2019enseigne internationale en Tunisie. Le patron mondial de KFC, qui \u00e9tait accompagn\u00e9 de [&hellip;]<\/p>\n","protected":false},"author":1772,"featured_media":0,"comment_status":"closed","ping_status":"closed","sticky":false,"template":"","format":"standard","meta":{"fifu_image_url":"","fifu_image_alt":"","footnotes":""},"categories":[73,55],"tags":[],"class_list":["post-74053","post","type-post","status-publish","format-standard","hentry","category-actualite","category-tunisie"],"_links":{"self":[{"href":"https:\/\/linitiative.ca\/International\/wp-json\/wp\/v2\/posts\/74053","targetHints":{"allow":["GET"]}}],"collection":[{"href":"https:\/\/linitiative.ca\/International\/wp-json\/wp\/v2\/posts"}],"about":[{"href":"https:\/\/linitiative.ca\/International\/wp-json\/wp\/v2\/types\/post"}],"author":[{"embeddable":true,"href":"https:\/\/linitiative.ca\/International\/wp-json\/wp\/v2\/users\/1772"}],"replies":[{"embeddable":true,"href":"https:\/\/linitiative.ca\/International\/wp-json\/wp\/v2\/comments?post=74053"}],"version-history":[{"count":0,"href":"https:\/\/linitiative.ca\/International\/wp-json\/wp\/v2\/posts\/74053\/revisions"}],"wp:attachment":[{"href":"https:\/\/linitiative.ca\/International\/wp-json\/wp\/v2\/media?parent=74053"}],"wp:term":[{"taxonomy":"category","embeddable":true,"href":"https:\/\/linitiative.ca\/International\/wp-json\/wp\/v2\/categories?post=74053"},{"taxonomy":"post_tag","embeddable":true,"href":"https:\/\/linitiative.ca\/International\/wp-json\/wp\/v2\/tags?post=74053"}],"curies":[{"name":"wp","href":"https:\/\/api.w.org\/{rel}","templated":true}]}}