{"id":74055,"date":"2020-01-24T15:30:00","date_gmt":"2020-01-24T20:30:00","guid":{"rendered":"https:\/\/linitiative.ca\/International\/quand-elyes-fakhfakh-se-pose-en-rassembleur\/"},"modified":"2020-01-24T15:30:00","modified_gmt":"2020-01-24T20:30:00","slug":"quand-elyes-fakhfakh-se-pose-en-rassembleur","status":"publish","type":"post","link":"https:\/\/linitiative.ca\/International\/quand-elyes-fakhfakh-se-pose-en-rassembleur\/","title":{"rendered":"Quand Ely\u00e8s Fakhfakh se pose en rassembleur"},"content":{"rendered":"<p class=\"MsoNormal\">On attendait son premier contact avec la presse depuis sa d\u00e9signation par le pr\u00e9sident Sa\u00efed, pour le jauger, le situer, le comparer \u00e0 son pr\u00e9d\u00e9cesseur, conna\u00eetre ses id\u00e9es, la d\u00e9marche qu\u2019il compte suivre pour former son gouvernement, les partis avec lesquels il compte travailler. D\u2019embl\u00e9e, Ely\u00e8s Fakhfakh a \u00e9t\u00e9 clair : <em>\u00abje ne travaillerai pas avec Qalb Toun\u00e8s et le parti et le Parti Destourien libre\u00bb<\/em>. Cela a le m\u00e9rite de la franchise. D&rsquo;ailleurs, on s\u2019y attendait car la veille, seuls les partis Courant d\u00e9mocratique, Echaab, Ennahdha et Tahia Toun\u00e8s ont \u00e9t\u00e9 appel\u00e9s aux consultations relatives \u00e0 la formation du gouvernement. Ces quatre partis formeront de toute \u00e9vidence la nouvelle coalition gouvernementale.<em>\u00ab<\/em><\/p>\n<p class=\"MsoNormal\"><em>Elle a \u00e9t\u00e9 choisie sur la base des r\u00e9sultats du deuxi\u00e8me tour de l\u2019\u00e9lection pr\u00e9sidentielle et toute la symbolique qu\u2019elle v\u00e9hicule, par respect pour la volont\u00e9 du peuple\u00bb<\/em> il explique: <em>\u00ables deux partis ne correspondent pas aux attentes des Tunisiens\u00bb<\/em>. Mais il pr\u00e9cise qu\u2019il ne s\u2019agit pas d\u2019une exclusion telle qu\u2019on l\u2019entendait avant la r\u00e9volution lorsqu\u2019elle signifiait un bannissement des partis de la vie politique, tout en insistant sur \u00ab\u00a0l\u2019importance d\u2019une opposition politique capable de faire pression, car \u00absans opposition, il n\u2019y aurait pas de d\u00e9mocratie\u00bb<\/p>\n<p class=\"MsoNormal\">Il doit au pr\u00e9sident de la R\u00e9publique sa d\u00e9signation pour former le gouvernement, ni plus, ni moins. Ce \u00e0 quoi il tient le plus, ce sont des rapports sereins, apais\u00e9s, respectueux par-dessus tout de l\u2019esprit et la lettre de la constitution et de la l\u00e9gitimit\u00e9 de l\u2019urne. Son gouvernement sera ramass\u00e9 (autour de 25 ministres) et devra r\u00e9pondre, au plus vite, \u00abaux aspirations des Tunisiens qui ont vot\u00e9, en grand nombre, en faveur des valeurs de la r\u00e9volution, un gouvernement qui saura assumer ses responsabilit\u00e9s. Il comprendra des comp\u00e9tences f\u00e9minines ainsi que des jeunes capables de donner une nouvelle image de la Tunisie.<\/p>\n<p class=\"MsoNormal\">Le chef de Gouvernement d\u00e9sign\u00e9 se pose en rassembleur. Il cherche \u00e0 d\u00e9passer les clivages classiques droite\/gauche, les votes-sanction, le populisme, le client\u00e9lisme pour une vision commune qui r\u00e9ponde aux attentes pressantes des jeunes.<\/p>\n<p class=\"MsoNormal\"><span class=\"c2\">P<\/span>asser des querelles politiciennes aux d\u00e9bats d\u2019id\u00e9es pour imaginer une alternative au mod\u00e8le de d\u00e9veloppement actuel <span class=\"c2\">\u00a0<\/span>qui a montr\u00e9 ses limites, telles doivent \u00eatre selon lui les priorit\u00e9s du gouvernement. De belles intentions, mais il y a encore loin de la coupe aux l\u00e8vres. <span class=\"c2\">\u00a0<\/span> <span class=\"c2\"><br \/><\/span><\/p>\n<p>Auteur:<br \/>\n<a href=\"https:\/\/www.leaders.com.tn\/article\/28962-quand-elyes-fakhfakh-se-pose-en-rassembleur\">Cliquez ici pour lire l&rsquo;article depuis sa source.<\/a><\/p>\n","protected":false},"excerpt":{"rendered":"<p>On attendait son premier contact avec la presse depuis sa d\u00e9signation par le pr\u00e9sident Sa\u00efed, pour le jauger, le situer, le comparer \u00e0 son pr\u00e9d\u00e9cesseur, conna\u00eetre ses id\u00e9es, la d\u00e9marche qu\u2019il compte suivre pour former son gouvernement, les partis avec lesquels il compte travailler. D\u2019embl\u00e9e, Ely\u00e8s Fakhfakh a \u00e9t\u00e9 clair : \u00abje ne travaillerai pas [&hellip;]<\/p>\n","protected":false},"author":1772,"featured_media":0,"comment_status":"closed","ping_status":"closed","sticky":false,"template":"","format":"standard","meta":{"fifu_image_url":"","fifu_image_alt":"","footnotes":""},"categories":[73,55],"tags":[],"class_list":["post-74055","post","type-post","status-publish","format-standard","hentry","category-actualite","category-tunisie"],"_links":{"self":[{"href":"https:\/\/linitiative.ca\/International\/wp-json\/wp\/v2\/posts\/74055","targetHints":{"allow":["GET"]}}],"collection":[{"href":"https:\/\/linitiative.ca\/International\/wp-json\/wp\/v2\/posts"}],"about":[{"href":"https:\/\/linitiative.ca\/International\/wp-json\/wp\/v2\/types\/post"}],"author":[{"embeddable":true,"href":"https:\/\/linitiative.ca\/International\/wp-json\/wp\/v2\/users\/1772"}],"replies":[{"embeddable":true,"href":"https:\/\/linitiative.ca\/International\/wp-json\/wp\/v2\/comments?post=74055"}],"version-history":[{"count":0,"href":"https:\/\/linitiative.ca\/International\/wp-json\/wp\/v2\/posts\/74055\/revisions"}],"wp:attachment":[{"href":"https:\/\/linitiative.ca\/International\/wp-json\/wp\/v2\/media?parent=74055"}],"wp:term":[{"taxonomy":"category","embeddable":true,"href":"https:\/\/linitiative.ca\/International\/wp-json\/wp\/v2\/categories?post=74055"},{"taxonomy":"post_tag","embeddable":true,"href":"https:\/\/linitiative.ca\/International\/wp-json\/wp\/v2\/tags?post=74055"}],"curies":[{"name":"wp","href":"https:\/\/api.w.org\/{rel}","templated":true}]}}