{"id":74057,"date":"2020-01-24T14:07:17","date_gmt":"2020-01-24T19:07:17","guid":{"rendered":"https:\/\/linitiative.ca\/International\/ilham-foukalla-fait-de-la-cosmetique-sa-passion\/"},"modified":"2020-01-24T14:07:17","modified_gmt":"2020-01-24T19:07:17","slug":"ilham-foukalla-fait-de-la-cosmetique-sa-passion","status":"publish","type":"post","link":"https:\/\/linitiative.ca\/International\/ilham-foukalla-fait-de-la-cosmetique-sa-passion\/","title":{"rendered":"Ilham Foukalla fait de la cosm\u00e9tique sa passion"},"content":{"rendered":"<p><strong>Elle a toujours baign\u00e9 dans l\u2019univers de la cosm\u00e9tique et de l\u2019esth\u00e9tique. Ilham Foukalla a d\u00e9marr\u00e9 sa carri\u00e8re professionnelle en lan\u00e7ant, avec sa m\u00e8re, cosm\u00e9tologue de formation, un Spa multiservices \u00e0 Rabat. A la t\u00eate d\u2019Intertrade Afrique, un r\u00e9seau de distribution de marques phares et exclusives au Maroc qu\u2019elle a cofond\u00e9 avec des partenaires il y a quelques ann\u00e9es, elle vient \u00e9galement de lancer le premier centre expert \u00ab Biologique Recherche \u00bb au Maroc. \u00a0<\/strong><\/p>\n<div class=\"c10\"\/>\n<p>Ambitieuse et d\u00e9termin\u00e9e, Ilham Foukalla est toujours d\u00e9vou\u00e9e dans tout ce qu\u2019elle entreprend. Sa passion ? La cosm\u00e9tique et l\u2019esth\u00e9tique. Elle vient d\u2019ailleurs de lancer, ensemble avec son associ\u00e9e Meryem Alami, un nouveau centre, unique en son genre au Maroc. Inaugur\u00e9 le 22 janvier \u00e0 Rabat, Esthecare, premier centre expert labellis\u00e9 Biologique Recherche, marque fran\u00e7aise pr\u00e9sente dans plus de 75 pays dans le monde, r\u00e9pond \u00e0 l\u2019int\u00e9gralit\u00e9 des standards impos\u00e9s par Biologique Recherche France tant sur le design que le concept. <em>\u00ab Le centre expert Biologique Recherche Maroc propose tous les soins prodigu\u00e9s en France: soins du visage, soins du corps, soins pour les cheveux, dispens\u00e9s avec les produits Biologique Recherche et par des professionnels form\u00e9s et certifi\u00e9s. Les produits sont la combinaison d\u2019une approche clinique du soin esth\u00e9tique, de produits voulus purs, concentr\u00e9s, presque bruts, et de protocoles originaux et rigoureux permettant de pr\u00e9server le capital jeunesse de la peau \u00e0 travers une m\u00e9thodologie unique \u00bb,<\/em> pr\u00e9cise Ilham Foukalla. <em>\u00ab Du diagnostic de peau, l\u2019approche scientifique, le protocole de soins jusqu\u2019\u00e0 la richesse de ses ingr\u00e9dients, Biologique Recherche est l\u2019univers o\u00f9 il est bon de faire peau neuve et s\u2019adresse \u00e0 l\u2019\u00e9piderme en fonction de l\u2019Instant de Peau de chacun \u00bb<\/em>, ajoute-t-elle.\u00a0<\/p>\n<p><strong>Ambitions<\/strong>\u00a0<\/p>\n<p>Le nouveau centre entend d\u2019ores et d\u00e9j\u00e0 s\u2019imposer dans la capitale administrative du Royaume comme la r\u00e9f\u00e9rence dans son domaine. <em>\u00ab Notre client\u00e8le cible est celle qui est en qu\u00eate de cette qualit\u00e9 de services et de produits, et qui souhaite consommer diff\u00e9remment \u00e0 travers des valeurs<\/em> \u00bb, d\u00e9taille Ilham Foukalla, ajoutant que l\u2019ouverture du centre Esthecare s\u2019inscrit dans la continuit\u00e9 du d\u00e9veloppement de la marque Biologique Recherche. Ilham Foukalla et Meryem Alami sont d\u2019ores et d\u00e9j\u00e0 sur le terrain pour d\u00e9ployer la strat\u00e9gie de d\u00e9veloppement du centre. Soulignons que les deux fondatrices du centre expert Biologique Recherche \u00e0 Rabat partagent la m\u00eame passion pour l\u2019univers de la cosm\u00e9tique et du bien-\u00eatre. Ainsi, fortes de leurs exp\u00e9riences dans le secteur et en qu\u00eate permanente des derni\u00e8res avanc\u00e9es au niveau international dans ce domaine, elles scellent leur engagement en faveur d\u2019une cosm\u00e9tique de pointe. En termes d\u2019ambitions, l\u2019objectif affich\u00e9 est d\u2019ouvrir deux nouveaux centres dans les autres villes du Royaume telles que Casablanca, Tanger ou encore Marrakech d\u2019ici 2021. Force est de noter \u00e9galement qu\u2019en plus de cette activit\u00e9, Ilham Foukalla a une autre casquette. Elle est, en effet, partenaire et Directrice d\u2019Intertrade Afrique, un acteur majeur dans l\u2019univers de la haute parfumerie. Issue d\u2019une famille originaire d\u2019Oujda, Ilham Foukalla a grandi dans un environnement o\u00f9 les valeurs morales comme la loyaut\u00e9, l\u2019int\u00e9grit\u00e9 <em>\u00abfaisaient partie des r\u00e8gles de bases inculqu\u00e9es au quotidien\u00bb<\/em>.\u00a0<\/p>\n<p><strong>Pers\u00e9v\u00e9rance<\/strong>\u00a0<\/p>\n<p><strong>\u00ab\u00a0<\/strong><em>Le travail \u00e9tait l\u2019\u00e9l\u00e9ment central de mon \u00e9ducation. J\u2019ai donc toujours \u00e9t\u00e9 pers\u00e9v\u00e9rante aussi bien \u00e0 l\u2019\u00e9cole qu\u2019au sport ou dans la vie active. Mon parcours scolaire a \u00e9t\u00e9 conjugu\u00e9 avec le sport. J\u2019ai \u00e9t\u00e9 championne d\u2019Afrique de natation. Pour ce qui est de ma formation professionnelle, j\u2019ai eu un dipl\u00f4me en sport \u00e0 l\u2019Institut Moulay Rachid en 1994. J\u2019ai alors choisi d\u2019\u00e9tudier ce que j\u2019aimais le plus \u00e0 savoir la cosm\u00e9tique et l\u2019esth\u00e9tique. J\u2019aime le domaine du bien \u00eatre de la beaut\u00e9 et j\u2019avais besoin de comprendre tous les aspects pour pouvoir g\u00e9rer ce type de business. Ce n\u2019est pas juste un projet \u00e0 caract\u00e8re \u00e9conomique, il y a beaucoup de passions, avant tout, dans ce que je fais\u00bb<\/em>, confie Ilham Foukalla. Sa carri\u00e8re professionnelle, elle l\u2019a d\u00e9marr\u00e9e dans le milieu familial en lan\u00e7ant, avec sa m\u00e8re (Lecheheb Najat, cosm\u00e9tologue de formation), un Spa multiservices baptis\u00e9 CHi dans l\u2019un des quartiers les plus hupp\u00e9s de la capitale, Hay Riad. <em>\u00ab L\u2019accent a toujours \u00e9t\u00e9 mis sur l\u2019hygi\u00e8ne, la qualit\u00e9 des produits, la qualit\u00e9 des soins et surtout la formation du personnel. Nous sommes constamment dans la qu\u00eate de l\u2019excellence. La r\u00e9ussite dans ce m\u00e9tier passe aussi par la capacit\u00e9 \u00e0 se renouveler et \u00e0 se diversifier. Parall\u00e8lement \u00e0 cela, j\u2019ai d\u00e9velopp\u00e9 avec des partenaires Intertrade Afrique, un r\u00e9seau de distribution de marques phares et exclusives au Maroc<\/em> \u00bb, conclut Ilham Foukalla.<\/p>\n<div class=\"c17\">\n<fieldset class=\"c16\">\n<legend><strong><span class=\"c11\">Challenge<\/span><span class=\"c12\">news<\/span><\/strong><\/legend>\n<div class=\"c15\">Le meilleur de Challenge s\u00e9lectionn\u00e9 par la r\u00e9daction :<\/p>\n<\/div>\n<\/fieldset>\n<\/div>\n<p>Auteur: Roland Amoussou<br \/>\n<a href=\"https:\/\/www.challenge.ma\/ilham-foukalla-fait-de-la-cosmetique-sa-passion-128929\/\">Cliquez ici pour lire l&rsquo;article depuis sa source.<\/a><\/p>\n","protected":false},"excerpt":{"rendered":"<p>Elle a toujours baign\u00e9 dans l\u2019univers de la cosm\u00e9tique et de l\u2019esth\u00e9tique. Ilham Foukalla a d\u00e9marr\u00e9 sa carri\u00e8re professionnelle en lan\u00e7ant, avec sa m\u00e8re, cosm\u00e9tologue de formation, un Spa multiservices \u00e0 Rabat. A la t\u00eate d\u2019Intertrade Afrique, un r\u00e9seau de distribution de marques phares et exclusives au Maroc qu\u2019elle a cofond\u00e9 avec des partenaires il [&hellip;]<\/p>\n","protected":false},"author":1787,"featured_media":0,"comment_status":"closed","ping_status":"closed","sticky":false,"template":"","format":"standard","meta":{"fifu_image_url":"","fifu_image_alt":"","footnotes":""},"categories":[78,54],"tags":[],"class_list":["post-74057","post","type-post","status-publish","format-standard","hentry","category-economie","category-maroc"],"_links":{"self":[{"href":"https:\/\/linitiative.ca\/International\/wp-json\/wp\/v2\/posts\/74057","targetHints":{"allow":["GET"]}}],"collection":[{"href":"https:\/\/linitiative.ca\/International\/wp-json\/wp\/v2\/posts"}],"about":[{"href":"https:\/\/linitiative.ca\/International\/wp-json\/wp\/v2\/types\/post"}],"author":[{"embeddable":true,"href":"https:\/\/linitiative.ca\/International\/wp-json\/wp\/v2\/users\/1787"}],"replies":[{"embeddable":true,"href":"https:\/\/linitiative.ca\/International\/wp-json\/wp\/v2\/comments?post=74057"}],"version-history":[{"count":0,"href":"https:\/\/linitiative.ca\/International\/wp-json\/wp\/v2\/posts\/74057\/revisions"}],"wp:attachment":[{"href":"https:\/\/linitiative.ca\/International\/wp-json\/wp\/v2\/media?parent=74057"}],"wp:term":[{"taxonomy":"category","embeddable":true,"href":"https:\/\/linitiative.ca\/International\/wp-json\/wp\/v2\/categories?post=74057"},{"taxonomy":"post_tag","embeddable":true,"href":"https:\/\/linitiative.ca\/International\/wp-json\/wp\/v2\/tags?post=74057"}],"curies":[{"name":"wp","href":"https:\/\/api.w.org\/{rel}","templated":true}]}}