{"id":74058,"date":"2020-01-24T15:49:21","date_gmt":"2020-01-24T20:49:21","guid":{"rendered":"https:\/\/linitiative.ca\/International\/ligue-des-champions-une-nouvelle-chaine-diffusera-les-matchs-de-lesperance-de-tunis-et-de-letoile-du-sahel\/"},"modified":"2020-01-24T15:49:21","modified_gmt":"2020-01-24T20:49:21","slug":"ligue-des-champions-une-nouvelle-chaine-diffusera-les-matchs-de-lesperance-de-tunis-et-de-letoile-du-sahel","status":"publish","type":"post","link":"https:\/\/linitiative.ca\/International\/ligue-des-champions-une-nouvelle-chaine-diffusera-les-matchs-de-lesperance-de-tunis-et-de-letoile-du-sahel\/","title":{"rendered":"Ligue des champions : Une nouvelle cha\u00eene diffusera les matchs de l\u2019Esp\u00e9rance de Tunis et de l\u2019Etoile du Sahel"},"content":{"rendered":"<div class=\"heateor_sss_sharing_container heateor_sss_horizontal_sharing\" heateor-sss-data-href=\"https:\/\/sport.tunisienumerique.com\/ligue-des-champions-une-nouvelle-chaine-diffusera-les-matchs-de-lesperance-de-tunis-et-de-letoile-du-sahel\/\" heateor-sss-no-counts=\"1\">\n<div class=\"heateor_sss_sharing_title c3\">Cet article vous a \u00e9t\u00e9 utile? Partagez le, il int\u00e9ressera d\u2019autres personnes. Merci!<\/div>\n<ul class=\"heateor_sss_sharing_ul\">\n<li class=\"heateorSssSharingRound\"><em alt=\"Facebook\" title=\"Facebook\" class=\"heateorSssSharing heateorSssFacebookBackground c4\" onclick=\"heateorSssPopup(\"https:\/\/www.facebook.com\/sharer\/sharer.php?u=https%3A%2F%2Fsport.tunisienumerique.com%2Fligue-des-champions-une-nouvelle-chaine-diffusera-les-matchs-de-lesperance-de-tunis-et-de-letoile-du-sahel%2F\")\">\u00a0<\/em><\/li>\n<li class=\"heateorSssSharingRound\"><em alt=\"Twitter\" title=\"Twitter\" class=\"heateorSssSharing heateorSssTwitterBackground c4\" onclick=\"heateorSssPopup(\"http:\/\/twitter.com\/intent\/tweet?text=Ligue%20des%20champions%20%3A%20Une%20nouvelle%20cha%C3%AEne%20diffusera%20les%20matchs%20de%20l%27Esp%C3%A9rance%20de%20Tunis%20et%20de%20l%27Etoile%20du%20Sahel&#038;url=https%3A%2F%2Fsport.tunisienumerique.com%2Fligue-des-champions-une-nouvelle-chaine-diffusera-les-matchs-de-lesperance-de-tunis-et-de-letoile-du-sahel%2F\")\">\u00a0<\/em><\/li>\n<li class=\"heateorSssSharingRound\"><em alt=\"Linkedin\" title=\"Linkedin\" class=\"heateorSssSharing heateorSssLinkedinBackground c4\" onclick=\"heateorSssPopup(\"http:\/\/www.linkedin.com\/shareArticle?mini=true&#038;url=https%3A%2F%2Fsport.tunisienumerique.com%2Fligue-des-champions-une-nouvelle-chaine-diffusera-les-matchs-de-lesperance-de-tunis-et-de-letoile-du-sahel%2F&#038;title=Ligue%20des%20champions%20%3A%20Une%20nouvelle%20cha%C3%AEne%20diffusera%20les%20matchs%20de%20l%27Esp%C3%A9rance%20de%20Tunis%20et%20de%20l%27Etoile%20du%20Sahel\")\">\u00a0<\/em><\/li>\n<li class=\"heateorSssSharingRound\"><em alt=\"Google Gmail\" title=\"Google Gmail\" class=\"heateorSssSharing heateorSssGoogleGmailBackground c4\" onclick=\"heateorSssPopup(\"https:\/\/mail.google.com\/mail\/?ui=2&#038;view=cm&#038;fs=1&#038;tf=1&#038;su=Ligue%20des%20champions%20%3A%20Une%20nouvelle%20cha%C3%AEne%20diffusera%20les%20matchs%20de%20l%27Esp%C3%A9rance%20de%20Tunis%20et%20de%20l%27Etoile%20du%20Sahel&#038;body=Link:https%3A%2F%2Fsport.tunisienumerique.com%2Fligue-des-champions-une-nouvelle-chaine-diffusera-les-matchs-de-lesperance-de-tunis-et-de-letoile-du-sahel%2F\")\">\u00a0<\/em><\/li>\n<li class=\"heateorSssSharingRound\"><em alt=\"Whatsapp\" title=\"Whatsapp\" class=\"heateorSssSharing heateorSssWhatsappBackground c4\"><a href=\"https:\/\/api.whatsapp.com\/send?text=Ligue%20des%20champions%20%3A%20Une%20nouvelle%20cha%C3%AEne%20diffusera%20les%20matchs%20de%20l%27Esp%C3%A9rance%20de%20Tunis%20et%20de%20l%27Etoile%20du%20Sahel%20https%3A%2F%2Fsport.tunisienumerique.com%2Fligue-des-champions-une-nouvelle-chaine-diffusera-les-matchs-de-lesperance-de-tunis-et-de-letoile-du-sahel%2F\" rel=\"nofollow noopener noreferrer\" target=\"_blank\">\u00a0<\/a><\/em><\/li>\n<li class=\"heateorSssSharingRound\">\u00a0<\/li>\n<\/ul>\n<\/div>\n<p dir=\"ltr\">La cha\u00eene beIN Sports fran\u00e7ais a annonc\u00e9 qu\u2019elle diffusera en direct les rencontres de l\u2019Esp\u00e9rance Sportive de Tunis et de l\u2019Etoile Sportive du Sahel en Ligue des champions respectivement contre le Raja Casablanca et Al Ahly.<\/p>\n<p dir=\"ltr\">\u00c0 l\u2019occasion de la 5\u00e8me journ\u00e9e de la phase de poules de la Ligue des Champions d\u2019Afrique, l\u2019Esp\u00e9rance de Tunis recevra le Raja alors que l\u2019Etoile du Sahel se d\u00e9placera en \u00c9gypte pour d\u00e9fier Al Ahly.<\/p>\n<div class=\"code-block code-block-1 c6\"><ins class=\"adsbygoogle c5\" data-ad-layout=\"in-article\" data-ad-format=\"fluid\" data-ad-client=\"ca-pub-2102118777505746\" data-ad-slot=\"7301775417\"\/> <\/div>\n<p dir=\"ltr\"><strong>\u00c0 l\u2019affiche<\/strong><\/p>\n<p dir=\"ltr\">Samedi 25 janvier<\/p>\n<p dir=\"ltr\">20h00 Esp\u00e9rance de Tunis \u2013 Raja Casablanca : beIN Sports HD 1 AR\/ beIN Sports MAX HD 10 FR<\/p>\n<p dir=\"ltr\">Dimanche 26 janvier<\/p>\n<p dir=\"ltr\">20h00 Al Ahly \u2013 Etoile du Sahel : BeIN Sports HD 1 AR \/ beIN Sports MAX HD 7 FR<\/p>\n<p><\/p>\n<div class=\"heateor_sss_sharing_container heateor_sss_horizontal_sharing\" heateor-sss-data-href=\"https:\/\/sport.tunisienumerique.com\/ligue-des-champions-une-nouvelle-chaine-diffusera-les-matchs-de-lesperance-de-tunis-et-de-letoile-du-sahel\/\" heateor-sss-no-counts=\"1\">\n<div class=\"heateor_sss_sharing_title c3\">Cet article vous a \u00e9t\u00e9 utile? Partagez le, il int\u00e9ressera d\u2019autres personnes. Merci!<\/div>\n<ul class=\"heateor_sss_sharing_ul\">\n<li class=\"heateorSssSharingRound\"><em alt=\"Facebook\" title=\"Facebook\" class=\"heateorSssSharing heateorSssFacebookBackground c4\" onclick=\"heateorSssPopup(\"https:\/\/www.facebook.com\/sharer\/sharer.php?u=https%3A%2F%2Fsport.tunisienumerique.com%2Fligue-des-champions-une-nouvelle-chaine-diffusera-les-matchs-de-lesperance-de-tunis-et-de-letoile-du-sahel%2F\")\">\u00a0<\/em><\/li>\n<li class=\"heateorSssSharingRound\"><em alt=\"Twitter\" title=\"Twitter\" class=\"heateorSssSharing heateorSssTwitterBackground c4\" onclick=\"heateorSssPopup(\"http:\/\/twitter.com\/intent\/tweet?text=Ligue%20des%20champions%20%3A%20Une%20nouvelle%20cha%C3%AEne%20diffusera%20les%20matchs%20de%20l%27Esp%C3%A9rance%20de%20Tunis%20et%20de%20l%27Etoile%20du%20Sahel&#038;url=https%3A%2F%2Fsport.tunisienumerique.com%2Fligue-des-champions-une-nouvelle-chaine-diffusera-les-matchs-de-lesperance-de-tunis-et-de-letoile-du-sahel%2F\")\">\u00a0<\/em><\/li>\n<li class=\"heateorSssSharingRound\"><em alt=\"Linkedin\" title=\"Linkedin\" class=\"heateorSssSharing heateorSssLinkedinBackground c4\" onclick=\"heateorSssPopup(\"http:\/\/www.linkedin.com\/shareArticle?mini=true&#038;url=https%3A%2F%2Fsport.tunisienumerique.com%2Fligue-des-champions-une-nouvelle-chaine-diffusera-les-matchs-de-lesperance-de-tunis-et-de-letoile-du-sahel%2F&#038;title=Ligue%20des%20champions%20%3A%20Une%20nouvelle%20cha%C3%AEne%20diffusera%20les%20matchs%20de%20l%27Esp%C3%A9rance%20de%20Tunis%20et%20de%20l%27Etoile%20du%20Sahel\")\">\u00a0<\/em><\/li>\n<li class=\"heateorSssSharingRound\"><em alt=\"Google Gmail\" title=\"Google Gmail\" class=\"heateorSssSharing heateorSssGoogleGmailBackground c4\" onclick=\"heateorSssPopup(\"https:\/\/mail.google.com\/mail\/?ui=2&#038;view=cm&#038;fs=1&#038;tf=1&#038;su=Ligue%20des%20champions%20%3A%20Une%20nouvelle%20cha%C3%AEne%20diffusera%20les%20matchs%20de%20l%27Esp%C3%A9rance%20de%20Tunis%20et%20de%20l%27Etoile%20du%20Sahel&#038;body=Link:https%3A%2F%2Fsport.tunisienumerique.com%2Fligue-des-champions-une-nouvelle-chaine-diffusera-les-matchs-de-lesperance-de-tunis-et-de-letoile-du-sahel%2F\")\">\u00a0<\/em><\/li>\n<li class=\"heateorSssSharingRound\"><em alt=\"Whatsapp\" title=\"Whatsapp\" class=\"heateorSssSharing heateorSssWhatsappBackground c4\"><a href=\"https:\/\/api.whatsapp.com\/send?text=Ligue%20des%20champions%20%3A%20Une%20nouvelle%20cha%C3%AEne%20diffusera%20les%20matchs%20de%20l%27Esp%C3%A9rance%20de%20Tunis%20et%20de%20l%27Etoile%20du%20Sahel%20https%3A%2F%2Fsport.tunisienumerique.com%2Fligue-des-champions-une-nouvelle-chaine-diffusera-les-matchs-de-lesperance-de-tunis-et-de-letoile-du-sahel%2F\" rel=\"nofollow noopener noreferrer\" target=\"_blank\">\u00a0<\/a><\/em><\/li>\n<li class=\"heateorSssSharingRound\">\u00a0<\/li>\n<\/ul>\n<\/div>\n<div class=\"mvp-org-wrap mvp-org-logo\" itemprop=\"publisher\" itemscope=\"\" itemtype=\"https:\/\/schema.org\/Organization\"><img decoding=\"async\" src=\"https:\/\/sport.tunisienumerique.com\/wp-content\/uploads\/2017\/05\/logo_tunisie_numerique.png\"\/><\/div>\n<div class=\"mvp-related-posts left relative\">\n<h4 class=\"post-header\"><span class=\"post-header\">Lire aussi<\/span><\/h4>\n<\/div>\n<p>Auteur:<br \/>\n<a href=\"https:\/\/sport.tunisienumerique.com\/ligue-des-champions-une-nouvelle-chaine-diffusera-les-matchs-de-lesperance-de-tunis-et-de-letoile-du-sahel\/\">Cliquez ici pour lire l&rsquo;article depuis sa source.<\/a><\/p>\n","protected":false},"excerpt":{"rendered":"<p>Cet article vous a \u00e9t\u00e9 utile? Partagez le, il int\u00e9ressera d\u2019autres personnes. Merci! \u00a0 \u00a0 \u00a0 \u00a0 \u00a0 \u00a0 La cha\u00eene beIN Sports fran\u00e7ais a annonc\u00e9 qu\u2019elle diffusera en direct les rencontres de l\u2019Esp\u00e9rance Sportive de Tunis et de l\u2019Etoile Sportive du Sahel en Ligue des champions respectivement contre le Raja Casablanca et Al Ahly. [&hellip;]<\/p>\n","protected":false},"author":1789,"featured_media":74059,"comment_status":"closed","ping_status":"closed","sticky":false,"template":"","format":"standard","meta":{"fifu_image_url":"","fifu_image_alt":"","footnotes":""},"categories":[73,55],"tags":[],"class_list":["post-74058","post","type-post","status-publish","format-standard","has-post-thumbnail","hentry","category-actualite","category-tunisie"],"_links":{"self":[{"href":"https:\/\/linitiative.ca\/International\/wp-json\/wp\/v2\/posts\/74058","targetHints":{"allow":["GET"]}}],"collection":[{"href":"https:\/\/linitiative.ca\/International\/wp-json\/wp\/v2\/posts"}],"about":[{"href":"https:\/\/linitiative.ca\/International\/wp-json\/wp\/v2\/types\/post"}],"author":[{"embeddable":true,"href":"https:\/\/linitiative.ca\/International\/wp-json\/wp\/v2\/users\/1789"}],"replies":[{"embeddable":true,"href":"https:\/\/linitiative.ca\/International\/wp-json\/wp\/v2\/comments?post=74058"}],"version-history":[{"count":0,"href":"https:\/\/linitiative.ca\/International\/wp-json\/wp\/v2\/posts\/74058\/revisions"}],"wp:featuredmedia":[{"embeddable":true,"href":"https:\/\/linitiative.ca\/International\/wp-json\/"}],"wp:attachment":[{"href":"https:\/\/linitiative.ca\/International\/wp-json\/wp\/v2\/media?parent=74058"}],"wp:term":[{"taxonomy":"category","embeddable":true,"href":"https:\/\/linitiative.ca\/International\/wp-json\/wp\/v2\/categories?post=74058"},{"taxonomy":"post_tag","embeddable":true,"href":"https:\/\/linitiative.ca\/International\/wp-json\/wp\/v2\/tags?post=74058"}],"curies":[{"name":"wp","href":"https:\/\/api.w.org\/{rel}","templated":true}]}}