{"id":74060,"date":"2020-01-24T16:15:49","date_gmt":"2020-01-24T21:15:49","guid":{"rendered":"https:\/\/linitiative.ca\/International\/tunisie-communique-de-9alb-tounes-suite-a-la-decision-de-fakhfekh-de-lexclure-du-gouvernement\/"},"modified":"2020-01-24T16:15:49","modified_gmt":"2020-01-24T21:15:49","slug":"tunisie-communique-de-9alb-tounes-suite-a-la-decision-de-fakhfekh-de-lexclure-du-gouvernement","status":"publish","type":"post","link":"https:\/\/linitiative.ca\/International\/tunisie-communique-de-9alb-tounes-suite-a-la-decision-de-fakhfekh-de-lexclure-du-gouvernement\/","title":{"rendered":"Tunisie \u2013 Communiqu\u00e9 de 9alb Tounes suite \u00e0 la d\u00e9cision de Fakhfekh de l\u2019exclure du gouvernement"},"content":{"rendered":"<div class=\"post-cont-in left relative\">\n<p>Le bureau politique du parti <a href=\"https:\/\/www.tunisienumerique.com\/tunisie-actualite\/qalb-tounes\/\" title=\"9alb Tounes\" target=\"_top\" class=\"auto-link\" rel=\"noopener noreferrer\">9alb Tounes<\/a> a tenu ce vendredi, une r\u00e9union urgente avec \u00e0 l\u2019ordre du jour, un seul point, en rapport avec le d\u00e9roulement de la formation du gouvernement par Elyes Fakhfekh.<\/p>\n<div class=\"code-block code-block-1 c3\"><ins class=\"adsbygoogle c2\" data-ad-layout=\"in-article\" data-ad-format=\"fluid\" data-ad-client=\"ca-pub-2102118777505746\" data-ad-slot=\"7301775417\"\/> <\/div>\n<p>Le parti rappelle que la fa\u00e7on dont a \u00e9t\u00e9 d\u00e9sign\u00e9 Fakhfekh n\u2019\u00e9tait pas conforme \u00e0 l\u2019esprit de la constitution et \u00e9tait contraire \u00e0 la volont\u00e9 des partis vainqueurs des derni\u00e8res \u00e9lections.<\/p>\n<p>Le parti a fait part de ses appr\u00e9hensions\u00a0face \u00e0 la mani\u00e8re\u00a0dont est conduite la formation de\u00a0l\u2019\u00e9quipe gouvernementale qui semble vouloir bafouer la constitution et ignorer la volont\u00e9 du peuple telle qu\u2019\u00e9mise dans les urnes, concernant le respect du poids des partis \u00e0 l\u2019ARP.<\/p>\n<p>Le parti rappelle \u00e0 Elyes Fakhfekh que Ka\u00efs Sa\u00eeed a annonc\u00e9 que le gouvernement ne sera pas celui du pr\u00e9sident, mais du parlement qui lui votera la confiance et que le syst\u00e8me politique du pays impose au chef du gouvernement de se soumettre \u00e0 la volont\u00e9 des d\u00e9put\u00e9s, alors que lui, pr\u00e9tend vouloir tirer sa l\u00e9gitimit\u00e9 de celle du pr\u00e9sident de la R\u00e9publique.<\/p>\n<p>9ab Tounes appelle le pr\u00e9sident <a href=\"https:\/\/www.tunisienumerique.com\/tunisie-actualite\/kais-saied\/\" title=\"Ka\u00efs Sa\u00efed\" target=\"_top\" class=\"auto-link\" rel=\"noopener noreferrer\">Ka\u00efs Sa\u00efed<\/a> \u00e0 se prononcer \u00e0 ce sujet, sachant qu\u2019<a href=\"https:\/\/www.tunisienumerique.com\/tunisie-actualite\/elyes-fakhfakh\/\" title=\"Elyes Fakhfakh\" target=\"_top\" class=\"auto-link\" rel=\"noopener noreferrer\">Elyes Fakhfakh<\/a> a voulu le pr\u00e9senter comme le pr\u00e9sident de ceux qui l\u2019ont \u00e9lu et non pas celui de tous les tunisiens.<\/p>\n<p>Le parti r\u00e9it\u00e8re sa position en rapport avec la n\u00e9cessit\u00e9 d\u2019acc\u00e9l\u00e9rer la mise en place du gouvernement vu la phase critique que travers le pays.<\/p>\n<p>Enfin, 9alb Tounes annonce qu\u2019il a convoqu\u00e9 son conseil national pour une r\u00e9union urgente ce lundi.<\/p>\n<p><img loading=\"lazy\" decoding=\"async\" class=\"aligncenter size-full wp-image-492840\" src=\"https:\/\/www.tunisienumerique.com\/wp-content\/uploads\/2020\/01\/9alb1.jpg\" alt=\"\" width=\"425\" height=\"601\"\/><\/p>\n<p><img loading=\"lazy\" decoding=\"async\" class=\"aligncenter size-full wp-image-492841\" src=\"https:\/\/www.tunisienumerique.com\/wp-content\/uploads\/2020\/01\/9alb2.jpg\" alt=\"\" width=\"425\" height=\"601\"\/><\/p>\n<div class=\"swp_social_panel swp_horizontal_panel swp_flat_fresh swp_default_full_color swp_individual_full_color swp_other_full_color scale-100 scale-\" data-min-width=\"1100\" data-float-color=\"#ffffff\" data-float=\"bottom\" data-float-mobile=\"bottom\" data-transition=\"slide\">\n<div class=\"nc_tweetContainer swp_share_button total_shares total_sharesalt\"><span class=\"swp_count\">1 <span class=\"swp_label\">Partages<\/span><\/span><\/div>\n<\/div>\n<p><strong>Que se passe-t-il en Tunisie?<\/strong><br \/>Nous expliquons sur notre <a href=\"https:\/\/www.youtube.com\/channel\/UCRzypVq0B_yBad5eGrwBx0Q?sub_confirmation=1\" target=\"_blank\" rel=\"noopener noreferrer\">cha\u00eene YouTube<\/a> . <a href=\"https:\/\/www.youtube.com\/channel\/UCRzypVq0B_yBad5eGrwBx0Q?sub_confirmation=1\" target=\"_blank\" rel=\"noopener noreferrer\">Abonnez-vous!<\/a><\/p>\n<div class=\"mvp-org-wrap mvp-org-logo\" itemprop=\"publisher\" itemscope=\"\" itemtype=\"https:\/\/schema.org\/Organization\"><img decoding=\"async\" src=\"https:\/\/www.tunisienumerique.com\/wp-content\/uploads\/2017\/02\/logo_tunisie_numerique.png\"\/><\/div>\n<div class=\"mvp-related-posts left relative\">\n<h4 class=\"post-header\"><span class=\"post-header\">Lire aussi<\/span><\/h4>\n<\/div>\n<\/div>\n<p>Auteur: LM<br \/>\n<a href=\"https:\/\/www.tunisienumerique.com\/tunisie-communique-de-9alb-tounes-suite-a-la-decision-de-fakhfekh-de-lexclure-du-gouvernement\/\">Cliquez ici pour lire l&rsquo;article depuis sa source.<\/a><\/p>\n","protected":false},"excerpt":{"rendered":"<p>Le bureau politique du parti 9alb Tounes a tenu ce vendredi, une r\u00e9union urgente avec \u00e0 l\u2019ordre du jour, un seul point, en rapport avec le d\u00e9roulement de la formation du gouvernement par Elyes Fakhfekh. Le parti rappelle que la fa\u00e7on dont a \u00e9t\u00e9 d\u00e9sign\u00e9 Fakhfekh n\u2019\u00e9tait pas conforme \u00e0 l\u2019esprit de la constitution et [&hellip;]<\/p>\n","protected":false},"author":1789,"featured_media":74061,"comment_status":"closed","ping_status":"closed","sticky":false,"template":"","format":"standard","meta":{"fifu_image_url":"","fifu_image_alt":"","footnotes":""},"categories":[73,55],"tags":[],"class_list":["post-74060","post","type-post","status-publish","format-standard","has-post-thumbnail","hentry","category-actualite","category-tunisie"],"_links":{"self":[{"href":"https:\/\/linitiative.ca\/International\/wp-json\/wp\/v2\/posts\/74060","targetHints":{"allow":["GET"]}}],"collection":[{"href":"https:\/\/linitiative.ca\/International\/wp-json\/wp\/v2\/posts"}],"about":[{"href":"https:\/\/linitiative.ca\/International\/wp-json\/wp\/v2\/types\/post"}],"author":[{"embeddable":true,"href":"https:\/\/linitiative.ca\/International\/wp-json\/wp\/v2\/users\/1789"}],"replies":[{"embeddable":true,"href":"https:\/\/linitiative.ca\/International\/wp-json\/wp\/v2\/comments?post=74060"}],"version-history":[{"count":0,"href":"https:\/\/linitiative.ca\/International\/wp-json\/wp\/v2\/posts\/74060\/revisions"}],"wp:featuredmedia":[{"embeddable":true,"href":"https:\/\/linitiative.ca\/International\/wp-json\/"}],"wp:attachment":[{"href":"https:\/\/linitiative.ca\/International\/wp-json\/wp\/v2\/media?parent=74060"}],"wp:term":[{"taxonomy":"category","embeddable":true,"href":"https:\/\/linitiative.ca\/International\/wp-json\/wp\/v2\/categories?post=74060"},{"taxonomy":"post_tag","embeddable":true,"href":"https:\/\/linitiative.ca\/International\/wp-json\/wp\/v2\/tags?post=74060"}],"curies":[{"name":"wp","href":"https:\/\/api.w.org\/{rel}","templated":true}]}}