{"id":74062,"date":"2020-01-24T16:26:38","date_gmt":"2020-01-24T21:26:38","guid":{"rendered":"https:\/\/linitiative.ca\/International\/un-violent-seisme-secoue-lest-de-la-turquie\/"},"modified":"2020-01-24T16:26:38","modified_gmt":"2020-01-24T21:26:38","slug":"un-violent-seisme-secoue-lest-de-la-turquie","status":"publish","type":"post","link":"https:\/\/linitiative.ca\/International\/un-violent-seisme-secoue-lest-de-la-turquie\/","title":{"rendered":"Un violent s\u00e9isme secoue l\u2019est de la Turquie"},"content":{"rendered":"<div class=\"post-cont-in left relative\">\n<p>Plusieurs personnes ont \u00e9t\u00e9 tu\u00e9es\u00a0ou\u00a0bless\u00e9es dans un tremblement de terre de magnitude 6,8 sur l\u2019\u00e9chelle de Richter, ce vendredi 24 janvier dans l\u2019Est de la Turquie, selon le minist\u00e8re turc de l\u2019Int\u00e9rieur.<\/p>\n<div class=\"code-block code-block-1 c3\"><ins class=\"adsbygoogle c2\" data-ad-layout=\"in-article\" data-ad-format=\"fluid\" data-ad-client=\"ca-pub-2102118777505746\" data-ad-slot=\"7301775417\"\/> <\/div>\n<p class=\"c4\">Le s\u00e9isme qui s\u2019est produit dans la soir\u00e9e a fait plusieurs morts et bless\u00e9s, ont annonc\u00e9 les autorit\u00e9s du pays. Les derniers chiffres communiqu\u00e9s par les autorit\u00e9s turques font \u00e9tat de huit morts et de plus de 300 bless\u00e9s. Plusieurs b\u00e2timents ont \u00e9t\u00e9 d\u00e9truits dans la ville de Sivrice.<\/p>\n<p>D\u2019apr\u00e8s les premi\u00e8res estimations du Centre sismologique euro-m\u00e9diterran\u00e9en (CSEM), le foyer du s\u00e9isme se trouvait \u00e0 une profondeur de 10 kilom\u00e8tres.\u00a0L\u2019\u00e9picentre a \u00e9t\u00e9 localis\u00e9 \u00e0 10 kilom\u00e8tres au nord de la ville de Doganyol dont la population s\u2019\u00e9l\u00e8ve \u00e0 6.400 habitants.<\/p>\n<p>Des secousses ont \u00e9galement \u00e9t\u00e9 ressenties jusqu\u2019en Syrie et au Liban, ainsi qu\u2019en Arm\u00e9nie et en G\u00e9orgie.<\/p>\n<div class=\"swp_social_panel swp_horizontal_panel swp_flat_fresh swp_default_full_color swp_individual_full_color swp_other_full_color scale-100 scale-\" data-min-width=\"1100\" data-float-color=\"#ffffff\" data-float=\"bottom\" data-float-mobile=\"bottom\" data-transition=\"slide\">\n<div class=\"nc_tweetContainer swp_share_button total_shares total_sharesalt\"><span class=\"swp_count\">25 <span class=\"swp_label\">Partages<\/span><\/span><\/div>\n<\/div>\n<p><strong>Que se passe-t-il en Tunisie?<\/strong><br \/>Nous expliquons sur notre <a href=\"https:\/\/www.youtube.com\/channel\/UCRzypVq0B_yBad5eGrwBx0Q?sub_confirmation=1\" target=\"_blank\" rel=\"noopener noreferrer\">cha\u00eene YouTube<\/a> . <a href=\"https:\/\/www.youtube.com\/channel\/UCRzypVq0B_yBad5eGrwBx0Q?sub_confirmation=1\" target=\"_blank\" rel=\"noopener noreferrer\">Abonnez-vous!<\/a><\/p>\n<div class=\"mvp-org-wrap mvp-org-logo\" itemprop=\"publisher\" itemscope=\"\" itemtype=\"https:\/\/schema.org\/Organization\"><img decoding=\"async\" src=\"https:\/\/www.tunisienumerique.com\/wp-content\/uploads\/2017\/02\/logo_tunisie_numerique.png\"\/><\/div>\n<div class=\"mvp-related-posts left relative\">\n<h4 class=\"post-header\"><span class=\"post-header\">Lire aussi<\/span><\/h4>\n<\/div>\n<\/div>\n<p>Auteur: LM<br \/>\n<a href=\"https:\/\/www.tunisienumerique.com\/un-violent-seisme-secoue-lest-de-la-turquie\/\">Cliquez ici pour lire l&rsquo;article depuis sa source.<\/a><\/p>\n","protected":false},"excerpt":{"rendered":"<p>Plusieurs personnes ont \u00e9t\u00e9 tu\u00e9es\u00a0ou\u00a0bless\u00e9es dans un tremblement de terre de magnitude 6,8 sur l\u2019\u00e9chelle de Richter, ce vendredi 24 janvier dans l\u2019Est de la Turquie, selon le minist\u00e8re turc de l\u2019Int\u00e9rieur. Le s\u00e9isme qui s\u2019est produit dans la soir\u00e9e a fait plusieurs morts et bless\u00e9s, ont annonc\u00e9 les autorit\u00e9s du pays. Les derniers chiffres [&hellip;]<\/p>\n","protected":false},"author":1789,"featured_media":74063,"comment_status":"closed","ping_status":"closed","sticky":false,"template":"","format":"standard","meta":{"fifu_image_url":"","fifu_image_alt":"","footnotes":""},"categories":[73,55],"tags":[],"class_list":["post-74062","post","type-post","status-publish","format-standard","has-post-thumbnail","hentry","category-actualite","category-tunisie"],"_links":{"self":[{"href":"https:\/\/linitiative.ca\/International\/wp-json\/wp\/v2\/posts\/74062","targetHints":{"allow":["GET"]}}],"collection":[{"href":"https:\/\/linitiative.ca\/International\/wp-json\/wp\/v2\/posts"}],"about":[{"href":"https:\/\/linitiative.ca\/International\/wp-json\/wp\/v2\/types\/post"}],"author":[{"embeddable":true,"href":"https:\/\/linitiative.ca\/International\/wp-json\/wp\/v2\/users\/1789"}],"replies":[{"embeddable":true,"href":"https:\/\/linitiative.ca\/International\/wp-json\/wp\/v2\/comments?post=74062"}],"version-history":[{"count":0,"href":"https:\/\/linitiative.ca\/International\/wp-json\/wp\/v2\/posts\/74062\/revisions"}],"wp:featuredmedia":[{"embeddable":true,"href":"https:\/\/linitiative.ca\/International\/wp-json\/"}],"wp:attachment":[{"href":"https:\/\/linitiative.ca\/International\/wp-json\/wp\/v2\/media?parent=74062"}],"wp:term":[{"taxonomy":"category","embeddable":true,"href":"https:\/\/linitiative.ca\/International\/wp-json\/wp\/v2\/categories?post=74062"},{"taxonomy":"post_tag","embeddable":true,"href":"https:\/\/linitiative.ca\/International\/wp-json\/wp\/v2\/tags?post=74062"}],"curies":[{"name":"wp","href":"https:\/\/api.w.org\/{rel}","templated":true}]}}