{"id":74064,"date":"2020-01-24T16:50:16","date_gmt":"2020-01-24T21:50:16","guid":{"rendered":"https:\/\/linitiative.ca\/International\/video-la-france-enregistre-deux-cas-dinfection-au-coronavirus-les-deux-premiers-en-europe\/"},"modified":"2020-01-24T16:50:16","modified_gmt":"2020-01-24T21:50:16","slug":"video-la-france-enregistre-deux-cas-dinfection-au-coronavirus-les-deux-premiers-en-europe","status":"publish","type":"post","link":"https:\/\/linitiative.ca\/International\/video-la-france-enregistre-deux-cas-dinfection-au-coronavirus-les-deux-premiers-en-europe\/","title":{"rendered":"VIDEO\u00a0: La France enregistre deux cas d\u2019infection au coronavirus\u00a0: Les deux premiers en Europe"},"content":{"rendered":"<div class=\"post-cont-in left relative\">\n<p>La ministre fran\u00e7aise de la Sant\u00e9 a confirm\u00e9 ce vendredi que deux cas de coronavirus chinois avaient \u00e9t\u00e9 d\u00e9tect\u00e9s en France. L\u2019un \u00e0 Bordeaux, l\u2019autre \u00e0 Paris. Il s\u2019agit des premiers cas en Europe.<\/p>\n<div class=\"code-block code-block-1 c3\"><ins class=\"adsbygoogle c2\" data-ad-layout=\"in-article\" data-ad-format=\"fluid\" data-ad-client=\"ca-pub-2102118777505746\" data-ad-slot=\"7301775417\"\/> <\/div>\n<p>Deux personnes en France sont infect\u00e9es par\u00a0le nouveau coronavirus chinois, a annonc\u00e9 Agn\u00e8s Buzyn ce vendredi soir. Un premier patient\u00a0est hospitalis\u00e9 \u00e0 l\u2019isolement\u00a0depuis jeudi \u00e0 Bordeaux. Le deuxi\u00e8me cas confirm\u00e9 a \u00e9t\u00e9 localis\u00e9 \u00e0 Paris, selon la ministre.<\/p>\n<p>La ministre a annonc\u00e9 qu\u2019il \u00e9tait \u201cprobable\u201d que d\u2019autres cas soient d\u00e9tect\u00e9s dans les prochains jours.\u00a0Elle a ajout\u00e9 que\u00a0les autorit\u00e9s allaient faire \u201ctout leur possible\u201d pour \u201ccirconscrire\u201d la propagation du virus.<\/p>\n<p>Le coronavirus a fait, jusqu\u2019\u00e0 ce vendredi,\u00a0 26 d\u00e9c\u00e8s\u00a0en Chine, sur un total de 830 personnes contamin\u00e9es, dont certains aux \u00c9tats-Unis ou d\u2019autres pays d\u2019Asie.<\/p>\n<p>Les autorit\u00e9s veulent \u201ccirconscrire\u201d la propagation<\/p>\n<p>Les autorit\u00e9s sanitaires fran\u00e7aises s\u2019activent \u00e0 circonscrire l\u2019\u00e9pid\u00e9mie, en essayant de retrouver les personnes qui ont \u00e9t\u00e9 en contact avec les deux malades.<\/p>\n<p>En cas de doute, devant des signes de grippe et de g\u00eane respiratoire, les autorit\u00e9s appelle \u00e0 ne pas se rendre dans un service d\u2019urgence au risque de contaminer d\u2019autres personnes.\u00a0Elles leur demandent d\u2019appeler le 15, le N\u00b0 de secours.<\/p>\n<div class=\"swp_social_panel swp_horizontal_panel swp_flat_fresh swp_default_full_color swp_individual_full_color swp_other_full_color scale-100 scale-\" data-min-width=\"1100\" data-float-color=\"#ffffff\" data-float=\"bottom\" data-float-mobile=\"bottom\" data-transition=\"slide\">\n<div class=\"nc_tweetContainer swp_share_button total_shares total_sharesalt\"><span class=\"swp_count\">8 <span class=\"swp_label\">Partages<\/span><\/span><\/div>\n<\/div>\n<p><strong>Que se passe-t-il en Tunisie?<\/strong><br \/>Nous expliquons sur notre <a href=\"https:\/\/www.youtube.com\/channel\/UCRzypVq0B_yBad5eGrwBx0Q?sub_confirmation=1\" target=\"_blank\" rel=\"noopener noreferrer\">cha\u00eene YouTube<\/a> . <a href=\"https:\/\/www.youtube.com\/channel\/UCRzypVq0B_yBad5eGrwBx0Q?sub_confirmation=1\" target=\"_blank\" rel=\"noopener noreferrer\">Abonnez-vous!<\/a><\/p>\n<div class=\"mvp-org-wrap mvp-org-logo\" itemprop=\"publisher\" itemscope=\"\" itemtype=\"https:\/\/schema.org\/Organization\"><img decoding=\"async\" src=\"https:\/\/www.tunisienumerique.com\/wp-content\/uploads\/2017\/02\/logo_tunisie_numerique.png\"\/><\/div>\n<div class=\"mvp-related-posts left relative\">\n<h4 class=\"post-header\"><span class=\"post-header\">Lire aussi<\/span><\/h4>\n<\/div>\n<\/div>\n<p>Auteur: LM<br \/>\n<a href=\"https:\/\/www.tunisienumerique.com\/video-la-france-enregistre-deux-cas-dinfection-au-coronavirus-les-deux-premiers-en-europe\/\">Cliquez ici pour lire l&rsquo;article depuis sa source.<\/a><\/p>\n","protected":false},"excerpt":{"rendered":"<p>La ministre fran\u00e7aise de la Sant\u00e9 a confirm\u00e9 ce vendredi que deux cas de coronavirus chinois avaient \u00e9t\u00e9 d\u00e9tect\u00e9s en France. L\u2019un \u00e0 Bordeaux, l\u2019autre \u00e0 Paris. Il s\u2019agit des premiers cas en Europe. Deux personnes en France sont infect\u00e9es par\u00a0le nouveau coronavirus chinois, a annonc\u00e9 Agn\u00e8s Buzyn ce vendredi soir. Un premier patient\u00a0est hospitalis\u00e9 [&hellip;]<\/p>\n","protected":false},"author":1789,"featured_media":74065,"comment_status":"closed","ping_status":"closed","sticky":false,"template":"","format":"standard","meta":{"fifu_image_url":"","fifu_image_alt":"","footnotes":""},"categories":[73,55],"tags":[],"class_list":["post-74064","post","type-post","status-publish","format-standard","has-post-thumbnail","hentry","category-actualite","category-tunisie"],"_links":{"self":[{"href":"https:\/\/linitiative.ca\/International\/wp-json\/wp\/v2\/posts\/74064","targetHints":{"allow":["GET"]}}],"collection":[{"href":"https:\/\/linitiative.ca\/International\/wp-json\/wp\/v2\/posts"}],"about":[{"href":"https:\/\/linitiative.ca\/International\/wp-json\/wp\/v2\/types\/post"}],"author":[{"embeddable":true,"href":"https:\/\/linitiative.ca\/International\/wp-json\/wp\/v2\/users\/1789"}],"replies":[{"embeddable":true,"href":"https:\/\/linitiative.ca\/International\/wp-json\/wp\/v2\/comments?post=74064"}],"version-history":[{"count":0,"href":"https:\/\/linitiative.ca\/International\/wp-json\/wp\/v2\/posts\/74064\/revisions"}],"wp:featuredmedia":[{"embeddable":true,"href":"https:\/\/linitiative.ca\/International\/wp-json\/"}],"wp:attachment":[{"href":"https:\/\/linitiative.ca\/International\/wp-json\/wp\/v2\/media?parent=74064"}],"wp:term":[{"taxonomy":"category","embeddable":true,"href":"https:\/\/linitiative.ca\/International\/wp-json\/wp\/v2\/categories?post=74064"},{"taxonomy":"post_tag","embeddable":true,"href":"https:\/\/linitiative.ca\/International\/wp-json\/wp\/v2\/tags?post=74064"}],"curies":[{"name":"wp","href":"https:\/\/api.w.org\/{rel}","templated":true}]}}