{"id":74066,"date":"2020-01-24T17:01:02","date_gmt":"2020-01-24T22:01:02","guid":{"rendered":"https:\/\/linitiative.ca\/International\/tunisie-youssef-msakni-blesse-avec-son-equipe\/"},"modified":"2020-01-24T17:01:02","modified_gmt":"2020-01-24T22:01:02","slug":"tunisie-youssef-msakni-blesse-avec-son-equipe","status":"publish","type":"post","link":"https:\/\/linitiative.ca\/International\/tunisie-youssef-msakni-blesse-avec-son-equipe\/","title":{"rendered":"Tunisie : Youssef Msakni bless\u00e9 avec son \u00e9quipe"},"content":{"rendered":"<div class=\"heateor_sss_sharing_container heateor_sss_horizontal_sharing\" heateor-sss-data-href=\"https:\/\/sport.tunisienumerique.com\/tunisie-youssef-msakni-blesse-avec-son-equipe\/\">\n<div class=\"heateor_sss_sharing_title c3\">Cet article vous a \u00e9t\u00e9 utile? Partagez le, il int\u00e9ressera d\u2019autres personnes. Merci!<\/div>\n<ul class=\"heateor_sss_sharing_ul\">\n<li class=\"heateorSssSharingRound\"><em alt=\"Facebook\" title=\"Facebook\" class=\"heateorSssSharing heateorSssFacebookBackground c4\" onclick=\"heateorSssPopup(\"https:\/\/www.facebook.com\/sharer\/sharer.php?u=https%3A%2F%2Fsport.tunisienumerique.com%2Ftunisie-youssef-msakni-blesse-avec-son-equipe%2F\")\">\u00a0<\/em><\/li>\n<li class=\"heateorSssSharingRound\"><em alt=\"Twitter\" title=\"Twitter\" class=\"heateorSssSharing heateorSssTwitterBackground c4\" onclick=\"heateorSssPopup(\"http:\/\/twitter.com\/intent\/tweet?text=Tunisie%20%3A%20Youssef%20Msakni%20bless%C3%A9%20avec%20son%20%C3%A9quipe&#038;url=https%3A%2F%2Fsport.tunisienumerique.com%2Ftunisie-youssef-msakni-blesse-avec-son-equipe%2F\")\">\u00a0<\/em><\/li>\n<li class=\"heateorSssSharingRound\"><em alt=\"Linkedin\" title=\"Linkedin\" class=\"heateorSssSharing heateorSssLinkedinBackground c4\" onclick=\"heateorSssPopup(\"http:\/\/www.linkedin.com\/shareArticle?mini=true&#038;url=https%3A%2F%2Fsport.tunisienumerique.com%2Ftunisie-youssef-msakni-blesse-avec-son-equipe%2F&#038;title=Tunisie%20%3A%20Youssef%20Msakni%20bless%C3%A9%20avec%20son%20%C3%A9quipe\")\">\u00a0<\/em><\/li>\n<li class=\"heateorSssSharingRound\"><em alt=\"Google Gmail\" title=\"Google Gmail\" class=\"heateorSssSharing heateorSssGoogleGmailBackground c4\" onclick=\"heateorSssPopup(\"https:\/\/mail.google.com\/mail\/?ui=2&#038;view=cm&#038;fs=1&#038;tf=1&#038;su=Tunisie%20%3A%20Youssef%20Msakni%20bless%C3%A9%20avec%20son%20%C3%A9quipe&#038;body=Link:https%3A%2F%2Fsport.tunisienumerique.com%2Ftunisie-youssef-msakni-blesse-avec-son-equipe%2F\")\">\u00a0<\/em><\/li>\n<li class=\"heateorSssSharingRound\"><em alt=\"Whatsapp\" title=\"Whatsapp\" class=\"heateorSssSharing heateorSssWhatsappBackground c4\"><a href=\"https:\/\/web.whatsapp.com\/send?text=Tunisie%20%3A%20Youssef%20Msakni%20bless%C3%A9%20avec%20son%20%C3%A9quipe%20https%3A%2F%2Fsport.tunisienumerique.com%2Ftunisie-youssef-msakni-blesse-avec-son-equipe%2F\" rel=\"nofollow noopener noreferrer\" target=\"_blank\">\u00a0<\/a><\/em><\/li>\n<li class=\"heateorSssSharingRound\">\u00a0<\/li>\n<\/ul>\n<\/div>\n<p dir=\"ltr\">L\u2019attaquant tunisien Youssef Msakni n\u2019a pas pu poursuivre la rencontre de son \u00e9quipe en championnat du Qatar en raison d\u2019une blessure.<\/p>\n<p dir=\"ltr\">Bless\u00e9, L\u2019ancien attaquant de l\u2019Esp\u00e9rance Sportive de Tunis a quitt\u00e9 la pelouse d\u00e8s la 29\u00e8me minute contre Al Arabi, l\u2019\u00e9quipe de Hamdi Harbaoui.<\/p>\n<div class=\"code-block code-block-1 c6\"><ins class=\"adsbygoogle c5\" data-ad-layout=\"in-article\" data-ad-format=\"fluid\" data-ad-client=\"ca-pub-2102118777505746\" data-ad-slot=\"7301775417\"\/> <\/div>\n<p dir=\"ltr\">Dans la m\u00eame rencontre, Hamdi Harbaoui a ajout\u00e9 aujourd\u2019hui un nouveau but \u00e0 son compteur au championnat du Qatar en transformant un penalty \u00e0 la 19\u00e8me minute.<\/p>\n<p><\/p>\n<div class=\"heateor_sss_sharing_container heateor_sss_horizontal_sharing\" heateor-sss-data-href=\"https:\/\/sport.tunisienumerique.com\/tunisie-youssef-msakni-blesse-avec-son-equipe\/\">\n<div class=\"heateor_sss_sharing_title c3\">Cet article vous a \u00e9t\u00e9 utile? Partagez le, il int\u00e9ressera d\u2019autres personnes. Merci!<\/div>\n<ul class=\"heateor_sss_sharing_ul\">\n<li class=\"heateorSssSharingRound\"><em alt=\"Facebook\" title=\"Facebook\" class=\"heateorSssSharing heateorSssFacebookBackground c4\" onclick=\"heateorSssPopup(\"https:\/\/www.facebook.com\/sharer\/sharer.php?u=https%3A%2F%2Fsport.tunisienumerique.com%2Ftunisie-youssef-msakni-blesse-avec-son-equipe%2F\")\">\u00a0<\/em><\/li>\n<li class=\"heateorSssSharingRound\"><em alt=\"Twitter\" title=\"Twitter\" class=\"heateorSssSharing heateorSssTwitterBackground c4\" onclick=\"heateorSssPopup(\"http:\/\/twitter.com\/intent\/tweet?text=Tunisie%20%3A%20Youssef%20Msakni%20bless%C3%A9%20avec%20son%20%C3%A9quipe&#038;url=https%3A%2F%2Fsport.tunisienumerique.com%2Ftunisie-youssef-msakni-blesse-avec-son-equipe%2F\")\">\u00a0<\/em><\/li>\n<li class=\"heateorSssSharingRound\"><em alt=\"Linkedin\" title=\"Linkedin\" class=\"heateorSssSharing heateorSssLinkedinBackground c4\" onclick=\"heateorSssPopup(\"http:\/\/www.linkedin.com\/shareArticle?mini=true&#038;url=https%3A%2F%2Fsport.tunisienumerique.com%2Ftunisie-youssef-msakni-blesse-avec-son-equipe%2F&#038;title=Tunisie%20%3A%20Youssef%20Msakni%20bless%C3%A9%20avec%20son%20%C3%A9quipe\")\">\u00a0<\/em><\/li>\n<li class=\"heateorSssSharingRound\"><em alt=\"Google Gmail\" title=\"Google Gmail\" class=\"heateorSssSharing heateorSssGoogleGmailBackground c4\" onclick=\"heateorSssPopup(\"https:\/\/mail.google.com\/mail\/?ui=2&#038;view=cm&#038;fs=1&#038;tf=1&#038;su=Tunisie%20%3A%20Youssef%20Msakni%20bless%C3%A9%20avec%20son%20%C3%A9quipe&#038;body=Link:https%3A%2F%2Fsport.tunisienumerique.com%2Ftunisie-youssef-msakni-blesse-avec-son-equipe%2F\")\">\u00a0<\/em><\/li>\n<li class=\"heateorSssSharingRound\"><em alt=\"Whatsapp\" title=\"Whatsapp\" class=\"heateorSssSharing heateorSssWhatsappBackground c4\"><a href=\"https:\/\/web.whatsapp.com\/send?text=Tunisie%20%3A%20Youssef%20Msakni%20bless%C3%A9%20avec%20son%20%C3%A9quipe%20https%3A%2F%2Fsport.tunisienumerique.com%2Ftunisie-youssef-msakni-blesse-avec-son-equipe%2F\" rel=\"nofollow noopener noreferrer\" target=\"_blank\">\u00a0<\/a><\/em><\/li>\n<li class=\"heateorSssSharingRound\">\u00a0<\/li>\n<\/ul>\n<\/div>\n<div class=\"mvp-org-wrap mvp-org-logo\" itemprop=\"publisher\" itemscope=\"\" itemtype=\"https:\/\/schema.org\/Organization\"><img decoding=\"async\" src=\"https:\/\/sport.tunisienumerique.com\/wp-content\/uploads\/2017\/05\/logo_tunisie_numerique.png\"\/><\/div>\n<div class=\"mvp-related-posts left relative\">\n<h4 class=\"post-header\"><span class=\"post-header\">Lire aussi<\/span><\/h4>\n<\/div>\n<p>Auteur:<br \/>\n<a href=\"https:\/\/sport.tunisienumerique.com\/tunisie-youssef-msakni-blesse-avec-son-equipe\/\">Cliquez ici pour lire l&rsquo;article depuis sa source.<\/a><\/p>\n","protected":false},"excerpt":{"rendered":"<p>Cet article vous a \u00e9t\u00e9 utile? Partagez le, il int\u00e9ressera d\u2019autres personnes. Merci! \u00a0 \u00a0 \u00a0 \u00a0 \u00a0 \u00a0 L\u2019attaquant tunisien Youssef Msakni n\u2019a pas pu poursuivre la rencontre de son \u00e9quipe en championnat du Qatar en raison d\u2019une blessure. Bless\u00e9, L\u2019ancien attaquant de l\u2019Esp\u00e9rance Sportive de Tunis a quitt\u00e9 la pelouse d\u00e8s la 29\u00e8me [&hellip;]<\/p>\n","protected":false},"author":1789,"featured_media":74067,"comment_status":"closed","ping_status":"closed","sticky":false,"template":"","format":"standard","meta":{"fifu_image_url":"","fifu_image_alt":"","footnotes":""},"categories":[73,55],"tags":[],"class_list":["post-74066","post","type-post","status-publish","format-standard","has-post-thumbnail","hentry","category-actualite","category-tunisie"],"_links":{"self":[{"href":"https:\/\/linitiative.ca\/International\/wp-json\/wp\/v2\/posts\/74066","targetHints":{"allow":["GET"]}}],"collection":[{"href":"https:\/\/linitiative.ca\/International\/wp-json\/wp\/v2\/posts"}],"about":[{"href":"https:\/\/linitiative.ca\/International\/wp-json\/wp\/v2\/types\/post"}],"author":[{"embeddable":true,"href":"https:\/\/linitiative.ca\/International\/wp-json\/wp\/v2\/users\/1789"}],"replies":[{"embeddable":true,"href":"https:\/\/linitiative.ca\/International\/wp-json\/wp\/v2\/comments?post=74066"}],"version-history":[{"count":0,"href":"https:\/\/linitiative.ca\/International\/wp-json\/wp\/v2\/posts\/74066\/revisions"}],"wp:featuredmedia":[{"embeddable":true,"href":"https:\/\/linitiative.ca\/International\/wp-json\/"}],"wp:attachment":[{"href":"https:\/\/linitiative.ca\/International\/wp-json\/wp\/v2\/media?parent=74066"}],"wp:term":[{"taxonomy":"category","embeddable":true,"href":"https:\/\/linitiative.ca\/International\/wp-json\/wp\/v2\/categories?post=74066"},{"taxonomy":"post_tag","embeddable":true,"href":"https:\/\/linitiative.ca\/International\/wp-json\/wp\/v2\/tags?post=74066"}],"curies":[{"name":"wp","href":"https:\/\/api.w.org\/{rel}","templated":true}]}}