{"id":74069,"date":"2020-01-24T08:54:08","date_gmt":"2020-01-24T13:54:08","guid":{"rendered":"https:\/\/linitiative.ca\/International\/guinee-equatoriale-christophe-joseph-marie-dabire-recu-en-audience-par-teodoro-obiang-nguema-mbasogo\/"},"modified":"2020-01-24T08:54:08","modified_gmt":"2020-01-24T13:54:08","slug":"guinee-equatoriale-christophe-joseph-marie-dabire-recu-en-audience-par-teodoro-obiang-nguema-mbasogo","status":"publish","type":"post","link":"https:\/\/linitiative.ca\/International\/guinee-equatoriale-christophe-joseph-marie-dabire-recu-en-audience-par-teodoro-obiang-nguema-mbasogo\/","title":{"rendered":"Guin\u00e9e \u00c9quatoriale : Christophe Joseph Marie Dabir\u00e9 re\u00e7u en audience par Teodoro Obiang Nguema Mbasogo."},"content":{"rendered":"<div class=\"td-post-featured-image\"><a href=\"https:\/\/i2.wp.com\/www.sidwaya.info\/wp-content\/uploads\/2020\/01\/pm11.jpg?fit=960%2C684&#038;ssl=1\" data-caption=\"\"><img loading=\"lazy\" decoding=\"async\" width=\"696\" height=\"496\" class=\"entry-thumb td-modal-image\" src=\"https:\/\/i2.wp.com\/www.sidwaya.info\/wp-content\/uploads\/2020\/01\/pm11.jpg?resize=696%2C496&#038;ssl=1\" srcset=\"https:\/\/i2.wp.com\/www.sidwaya.info\/wp-content\/uploads\/2020\/01\/pm11.jpg?w=960&#038;ssl=1 960w, https:\/\/i2.wp.com\/www.sidwaya.info\/wp-content\/uploads\/2020\/01\/pm11.jpg?resize=300%2C214&#038;ssl=1 300w, https:\/\/i2.wp.com\/www.sidwaya.info\/wp-content\/uploads\/2020\/01\/pm11.jpg?resize=768%2C547&#038;ssl=1 768w, https:\/\/i2.wp.com\/www.sidwaya.info\/wp-content\/uploads\/2020\/01\/pm11.jpg?resize=696%2C496&#038;ssl=1 696w, https:\/\/i2.wp.com\/www.sidwaya.info\/wp-content\/uploads\/2020\/01\/pm11.jpg?resize=589%2C420&#038;ssl=1 589w, https:\/\/i2.wp.com\/www.sidwaya.info\/wp-content\/uploads\/2020\/01\/pm11.jpg?resize=100%2C70&#038;ssl=1 100w\" sizes=\"auto, (max-width: 696px) 100vw, 696px\" alt=\"\" title=\"pm11\"\/><\/a><\/div>\n<p>Le Premier ministre Christophe Joseph Marie Dabir\u00e9 a \u00e9t\u00e9 re\u00e7u en audience, ce vendredi 24 janvier 2020, par le Pr\u00e9sident Equato Guin\u00e9en Teodoro Obiang Nguema Mbasogo. Le Chef du Gouvernement Burkinab\u00e8 qui s\u00e9journe dans ce pays d\u2019Afrique centrale, \u00e0 la faveur de la sixi\u00e8me \u00e9dition du Salon International du Textile Africain ( SITA), e<span class=\"text_exposed_show\">st all\u00e9 transmettre les salutations du Pr\u00e9sident du Faso \u00e0 son homologue de la Guin\u00e9e \u00c9quatoriale.<\/span><\/p>\n<div class=\"text_exposed_show\" readability=\"48\">\n<p>\u00a0\u00bb Je suis venu sur instructions de Son Excellence le Pr\u00e9sident Roch Marc Christian Kabor\u00e9, lui transmettre des salutations fraternelles. Nous avons aussi \u00e9chang\u00e9 sur la situation s\u00e9curitaire dans notre pays et le Pr\u00e9sident de ce pays fr\u00e8re et ami, fort de sa longue exp\u00e9rience en tant que Pr\u00e9sident en exercice de l\u2019Union Africaine, nous a prodigu\u00e9 de sages conseils. Il a nous r\u00e9affirm\u00e9 sa vision qui est celle de la n\u00e9cessit\u00e9 pour tous les pays africains d\u2019unir leurs forces pour faire face au d\u00e9fi s\u00e9curitaire sur le continent\u00a0\u00bb a dit le Premier ministre. Il a par ailleurs indiqu\u00e9 que Teodoro Obiang Nguema Mbasogo a t\u00e9moign\u00e9 toute sa solidarit\u00e9 et le soutien du peuple \u00e9quato-guin\u00e9en \u00e0 l\u2019endroit du peuple Burkinab\u00e8.<br \/>Saisissant de cette occasion, Christophe Joseph Marie Dabir\u00e9 a traduit toute sa reconnaissance aux autorit\u00e9s de ce pays fr\u00e8re ami, pour avoir accept\u00e9 et facilit\u00e9 la tenue de la sixi\u00e8me \u00e9dition du SITA. L\u2019organisation de ce salon dans ce pays, est selon le Chef du Gouvernement, un signe de l\u2019excellence des relations entre nos deux pays. Notre pays dit-il est un grand producteur de coton, et le coton est une importante source de revenus pour les producteurs et nos \u00e9conomies, il est donc n\u00e9cessaire que nous puissions explorer toutes les pistes susceptibles de d\u00e9velopper la fili\u00e8re, a d\u00e9clar\u00e9 Christophe Joseph Marie Dabir\u00e9. C\u2019est pourquoi le Chef de l\u2019ex\u00e9cutif Burkinab\u00e8 a \u00e9mis le voeux qu\u2019apr\u00e8s la R\u00e9publique de Guin\u00e9e \u00c9quatoriale, d\u2019autres pays africains embo\u00eetent le pas, en accueillant cet \u00e9v\u00e9nements, qui participe \u00e9galement au renforcement de la coop\u00e9ration sud-sud.<br \/>A noter que la sixi\u00e8me \u00e9dition du SITA s\u2019ouvre ce vendredi \u00e0 15h et s\u2019ach\u00e8ve le dimanche 26 janvier 2020.<\/p>\n<div class=\"td-a-rec td-a-rec-id-content_inline tdi_30_e30 td_block_template_1\"><a href=\"https:\/\/www.sidwaya.info\/wp-content\/uploads\/2019\/12\/Bandeau-sitebonneannee.jpg\"><img loading=\"lazy\" decoding=\"async\" class=\"aligncenter size-full wp-image-17812\" src=\"https:\/\/www.sidwaya.info\/wp-content\/uploads\/2019\/12\/Bandeau-sitebonneannee.jpg\" alt=\"\" width=\"720\" height=\"90\"\/><\/a><\/div>\n<p>DCRP\/PM<\/p>\n<\/div>\n<div class=\"td-a-rec td-a-rec-id-content_bottom tdi_31_326 td_block_template_1\"><img loading=\"lazy\" decoding=\"async\" class=\"aligncenter size-full wp-image-9623\" src=\"https:\/\/www.sidwaya.info\/wp-content\/uploads\/2019\/06\/Projet-bannie%CC%80re-Orange-mobile.jpg\" alt=\"\" width=\"728\" height=\"81\"\/><\/div>\n<p>Auteur: BS. Sidwaya<br \/>\n<a href=\"https:\/\/www.sidwaya.info\/blog\/2020\/01\/24\/visite-de-travail-du-premier-ministre-en-guinee-equatoriale-christophe-joseph-marie-dabire-recu-en-audience-par-le-president-de-la-republique\/\">Cliquez ici pour lire l&rsquo;article depuis sa source.<\/a><\/p>\n","protected":false},"excerpt":{"rendered":"<p>Le Premier ministre Christophe Joseph Marie Dabir\u00e9 a \u00e9t\u00e9 re\u00e7u en audience, ce vendredi 24 janvier 2020, par le Pr\u00e9sident Equato Guin\u00e9en Teodoro Obiang Nguema Mbasogo. Le Chef du Gouvernement Burkinab\u00e8 qui s\u00e9journe dans ce pays d\u2019Afrique centrale, \u00e0 la faveur de la sixi\u00e8me \u00e9dition du Salon International du Textile Africain ( SITA), est all\u00e9 [&hellip;]<\/p>\n","protected":false},"author":1816,"featured_media":0,"comment_status":"closed","ping_status":"closed","sticky":false,"template":"","format":"standard","meta":{"fifu_image_url":"","fifu_image_alt":"","footnotes":""},"categories":[73,81],"tags":[],"class_list":["post-74069","post","type-post","status-publish","format-standard","hentry","category-actualite","category-burkina-faso"],"_links":{"self":[{"href":"https:\/\/linitiative.ca\/International\/wp-json\/wp\/v2\/posts\/74069","targetHints":{"allow":["GET"]}}],"collection":[{"href":"https:\/\/linitiative.ca\/International\/wp-json\/wp\/v2\/posts"}],"about":[{"href":"https:\/\/linitiative.ca\/International\/wp-json\/wp\/v2\/types\/post"}],"author":[{"embeddable":true,"href":"https:\/\/linitiative.ca\/International\/wp-json\/wp\/v2\/users\/1816"}],"replies":[{"embeddable":true,"href":"https:\/\/linitiative.ca\/International\/wp-json\/wp\/v2\/comments?post=74069"}],"version-history":[{"count":0,"href":"https:\/\/linitiative.ca\/International\/wp-json\/wp\/v2\/posts\/74069\/revisions"}],"wp:attachment":[{"href":"https:\/\/linitiative.ca\/International\/wp-json\/wp\/v2\/media?parent=74069"}],"wp:term":[{"taxonomy":"category","embeddable":true,"href":"https:\/\/linitiative.ca\/International\/wp-json\/wp\/v2\/categories?post=74069"},{"taxonomy":"post_tag","embeddable":true,"href":"https:\/\/linitiative.ca\/International\/wp-json\/wp\/v2\/tags?post=74069"}],"curies":[{"name":"wp","href":"https:\/\/api.w.org\/{rel}","templated":true}]}}