{"id":74071,"date":"2020-01-24T14:50:04","date_gmt":"2020-01-24T19:50:04","guid":{"rendered":"https:\/\/linitiative.ca\/International\/affaire-dos-santos-luanda-met-la-pression-sur-lisbonne\/"},"modified":"2020-01-24T14:50:04","modified_gmt":"2020-01-24T19:50:04","slug":"affaire-dos-santos-luanda-met-la-pression-sur-lisbonne","status":"publish","type":"post","link":"https:\/\/linitiative.ca\/International\/affaire-dos-santos-luanda-met-la-pression-sur-lisbonne\/","title":{"rendered":"Affaire dos Santos: Luanda met la pression sur Lisbonne"},"content":{"rendered":"<div readability=\"32\">\n<p>Publi\u00e9 le 24.01.2020 \u00e0 20h50 par AFP<\/p>\n<\/div>\n<div readability=\"126\">\n<p>La justice angolaise a mis vendredi la pression sur Lisbonne en d\u00e9clarant qu\u2019elle soup\u00e7onnait que la milliardaire angolaise Isabel dos Santos avait investi au Portugal des fonds d\u00e9tourn\u00e9s ill\u00e9galement de son pays.<\/p>\n<p>\u00ab\u00a0L\u2019Angola pense que l\u2019argent utilis\u00e9 pour les affaires faites par Isabel dos Santos au Portugal est sorti d\u2019Angola de fa\u00e7on illicite\u00a0\u00bb, a d\u00e9clar\u00e9 le procureur g\u00e9n\u00e9ral de la R\u00e9publique angolaise, Helder Pitta Gros, dans un entretien \u00e0 la t\u00e9l\u00e9vision publique portugaise RTP.<\/p>\n<p>Arriv\u00e9 la veille \u00e0 Lisbonne pour rencontrer son homologue Lucilia Gago, M. Pitta Gros a pr\u00e9cis\u00e9 avoir sollicit\u00e9 l\u2019aide du minist\u00e8re public portugais afin de pouvoir notifier et interroger \u00ab\u00a0dans les plus brefs d\u00e9lais\u00a0\u00bb les complices pr\u00e9sum\u00e9s de Mme dos Santos qui vivent au Portugal.<\/p>\n<p>Trois jours apr\u00e8s la publication d\u2019une enqu\u00eate du Consortium international des journalistes d\u2019investigation (ICIJ) sur l\u2019origine de la fortune de la fille de l\u2019ex-pr\u00e9sident angolais, elle et quatre autres personnes ont \u00e9t\u00e9 formellement accus\u00e9es mercredi par la justice angolaise de fraude, d\u00e9tournement de fonds et blanchiment d\u2019argent.<\/p>\n<p>Un des suspects, Nuno Ribeiro da Cunha, banquier portugais de 45 ans qui travaillait directement avec Mme dos Santos dans la banque portugaise EuroBic a \u00e9t\u00e9 retrouv\u00e9 mort le m\u00eame soir chez lui \u00e0 Lisbonne o\u00f9 la police pense qu\u2019il s\u2019est suicid\u00e9.<\/p>\n<p>\u2013 R\u00e9tribuer l\u2019Etat angolais \u2013<\/p>\n<p>Dans un communiqu\u00e9 publi\u00e9 jeudi par une agence de communication bas\u00e9e \u00e0 Londres, Isabel dos Santos a d\u00e9menti les accusations de la justice de son pays, qui la soup\u00e7onne \u00e9galement de trafic d\u2019influence, abus de biens sociaux et faux en \u00e9critures durant son mandat \u00e0 la t\u00eate du groupe p\u00e9trolier public Sonangol.<\/p>\n<p>\u00ab\u00a0Les all\u00e9gations port\u00e9es contre moi ces derniers jours sont extr\u00eamement trompeuses et fausses\u00a0\u00bb, a-t-elle d\u00e9clar\u00e9, d\u00e9non\u00e7ant \u00ab\u00a0une attaque politique\u00a0\u00bb et se disant \u00ab\u00a0pr\u00eate \u00e0 se battre\u00a0\u00bb devant la justice internationale pour se d\u00e9fendre.<\/p>\n<p>Depuis Luanda, sa demi-s\u0153ur Welwitschia dos Santos l\u2019a invit\u00e9e \u00e0 verser aux autorit\u00e9s angolaises les sommes qui lui sont r\u00e9clam\u00e9es en guise de r\u00e9tribution pour \u00ab\u00a0tout ce que l\u2019Etat lui a offert en lui donnant l\u2019occasion de faire de grandes affaires et de devenir la femme qu\u2019elle est aujourd\u2019hui\u00a0\u00bb.<\/p>\n<p>En d\u00e9pit de cet appel, celle que la rue angolaise appelait \u00ab\u00a0la princesse\u00a0\u00bb continuait \u00e0 se d\u00e9faire d\u2019une partie des actifs portugais dans lesquels elle a investi au cours des derni\u00e8res ann\u00e9es.<\/p>\n<p>La banque EuroBic, qui lui aurait permis de transf\u00e9rer des fonds de la Sonangol, a fait savoir d\u00e8s mercredi qu\u2019Isabel dos Santos avait d\u00e9cid\u00e9 de vendre de sa participation majoritaire.<\/p>\n<p>\u2013 D\u00e9missions en s\u00e9rie \u2013<\/p>\n<p>Vendredi, la soci\u00e9t\u00e9 industrielle Efacec Power Solutions a annonc\u00e9 \u00e0 son tour que la milliardaire souhaitait sortir de son capital \u00ab\u00a0de fa\u00e7on d\u00e9finitive\u00a0\u00bb.<\/p>\n<p>Mario Leite Silva et Jorge Brito Pereira, deux Portugais proches d\u2019Isabel dos Santos \u00e9galement vis\u00e9s par l\u2019enqu\u00eate journalistique des \u00ab\u00a0Luanda Leaks\u00a0\u00bb, ont dans la foul\u00e9e renonc\u00e9 aux postes qu\u2019ils occupaient dans cette entreprise du secteur \u00e9lectrique.<\/p>\n<p>M. Leite Silva, qui \u00e9tait pr\u00e9sident du conseil d\u2019administration d\u2019Efacec et qui est lui aussi vis\u00e9 par la justice angolaise, avait d\u00e9j\u00e0 renonc\u00e9 la veille \u00e0 la pr\u00e9sidence de Banco Fomento Angola (BFA), la troisi\u00e8me banque du pays.<\/p>\n<p>Sur la base d\u2019une plainte d\u00e9pos\u00e9e en novembre par l\u2019ex-eurod\u00e9put\u00e9e socialiste Ana Gomes, qui accusait Isabel dos Santos de blanchiment d\u2019argent, le parquet portugais avait confirm\u00e9 d\u00e9but janvier avoir ouvert une enqu\u00eate portant notamment sur le rachat d\u2019Efacec en 2015.<\/p>\n<p>La fille a\u00een\u00e9e de l\u2019ancien pr\u00e9sident Jos\u00e9 Eduardo dos Santos poss\u00e8de encore au Portugal d\u2019importantes participations dans l\u2019op\u00e9rateur de t\u00e9l\u00e9communications NOS et dans le groupe p\u00e9trolier Galp Energia.<\/p>\n<p>Lorsque M. Louren\u00e7o s\u2019\u00e9tait rendu au Portugal en novembre 2018, pour normaliser les relations diplomatiques apr\u00e8s une p\u00e9riode de crispation, Lisbonne lui avait promis de l\u2019aider \u00e0 r\u00e9cup\u00e9rer les capitaux issus de la corruption qui auraient \u00e9t\u00e9 plac\u00e9s dans le pays.<\/p>\n<\/div>\n<p>Auteur: AFP<br \/>\n<a href=\"https:\/\/www.journalducameroun.com\/affaire-dos-santos-luanda-met-la-pression-sur-lisbonne\/\">Cliquez ici pour lire l&rsquo;article depuis sa source.<\/a><\/p>\n","protected":false},"excerpt":{"rendered":"<p>Publi\u00e9 le 24.01.2020 \u00e0 20h50 par AFP La justice angolaise a mis vendredi la pression sur Lisbonne en d\u00e9clarant qu\u2019elle soup\u00e7onnait que la milliardaire angolaise Isabel dos Santos avait investi au Portugal des fonds d\u00e9tourn\u00e9s ill\u00e9galement de son pays. \u00ab\u00a0L\u2019Angola pense que l\u2019argent utilis\u00e9 pour les affaires faites par Isabel dos Santos au Portugal est [&hellip;]<\/p>\n","protected":false},"author":1965,"featured_media":0,"comment_status":"closed","ping_status":"closed","sticky":false,"template":"","format":"standard","meta":{"fifu_image_url":"","fifu_image_alt":"","footnotes":""},"categories":[73,82],"tags":[],"class_list":["post-74071","post","type-post","status-publish","format-standard","hentry","category-actualite","category-cameroun"],"_links":{"self":[{"href":"https:\/\/linitiative.ca\/International\/wp-json\/wp\/v2\/posts\/74071","targetHints":{"allow":["GET"]}}],"collection":[{"href":"https:\/\/linitiative.ca\/International\/wp-json\/wp\/v2\/posts"}],"about":[{"href":"https:\/\/linitiative.ca\/International\/wp-json\/wp\/v2\/types\/post"}],"author":[{"embeddable":true,"href":"https:\/\/linitiative.ca\/International\/wp-json\/wp\/v2\/users\/1965"}],"replies":[{"embeddable":true,"href":"https:\/\/linitiative.ca\/International\/wp-json\/wp\/v2\/comments?post=74071"}],"version-history":[{"count":0,"href":"https:\/\/linitiative.ca\/International\/wp-json\/wp\/v2\/posts\/74071\/revisions"}],"wp:attachment":[{"href":"https:\/\/linitiative.ca\/International\/wp-json\/wp\/v2\/media?parent=74071"}],"wp:term":[{"taxonomy":"category","embeddable":true,"href":"https:\/\/linitiative.ca\/International\/wp-json\/wp\/v2\/categories?post=74071"},{"taxonomy":"post_tag","embeddable":true,"href":"https:\/\/linitiative.ca\/International\/wp-json\/wp\/v2\/tags?post=74071"}],"curies":[{"name":"wp","href":"https:\/\/api.w.org\/{rel}","templated":true}]}}