{"id":74072,"date":"2020-01-24T17:18:03","date_gmt":"2020-01-24T22:18:03","guid":{"rendered":"https:\/\/linitiative.ca\/International\/maroc-le-cumul-pluviometrique-accuse-une-baisse-de-376-a-fin-2019\/"},"modified":"2020-01-24T17:18:03","modified_gmt":"2020-01-24T22:18:03","slug":"maroc-le-cumul-pluviometrique-accuse-une-baisse-de-376-a-fin-2019","status":"publish","type":"post","link":"https:\/\/linitiative.ca\/International\/maroc-le-cumul-pluviometrique-accuse-une-baisse-de-376-a-fin-2019\/","title":{"rendered":"Maroc : Le cumul pluviom\u00e9trique accuse une baisse de 37,6% \u00e0 fin 2019"},"content":{"rendered":"<div readability=\"32\">\n<p>Publi\u00e9 le 24.01.2020 \u00e0 23h18 par APA News<\/p>\n<\/div>\n<div readability=\"72\">\n<p>Le cumul pluviom\u00e9trique \u00e0 fin 2019 a accus\u00e9 une baisse de 37,6%, par rapport \u00e0 la pr\u00e9c\u00e9dente campagne agricole et le taux de remplissage des barrages \u00e0 usage agricole est de 47,6% contre 60,2% l\u2019ann\u00e9e \u00e9coul\u00e9e, pr\u00e9cise la Direction des \u00e9tudes et des pr\u00e9visions financi\u00e8res.Dans les d\u00e9tails, le cumul pluviom\u00e9trique, au 31 d\u00e9cembre 2019, a atteint 124,5 mm, au lieu de 199,5 mm \u00e0 la m\u00eame date de l\u2019ann\u00e9e pr\u00e9c\u00e9dente, soit une baisse de 37,6% par rapport \u00e0 la campagne pr\u00e9c\u00e9dente et de 13,6% par rapport \u00e0 la moyenne des cinq derni\u00e8res ann\u00e9es, selon les donn\u00e9es de la derni\u00e8re note de conjoncture de ladite Direction.<\/p>\n<p>Ce d\u00e9ficit pluviom\u00e9trique au d\u00e9but de l\u2019actuelle campagne a caract\u00e9ris\u00e9 la majorit\u00e9 des r\u00e9gions du Royaume, pour donner lieu \u00e0 un taux de remplissage des barrages \u00e0 usage agricole de 47,6% au lieu de 60,2% en 2018.<\/p>\n<p>Dans ses derni\u00e8res pr\u00e9visions pour l\u2019ann\u00e9e 2020, le Haut commissariat au Plan (HCP) table sur une progression de 6,8% de la valeur ajout\u00e9e agricole, sous l\u2019hypoth\u00e8se du retour d\u2019une pluviom\u00e9trie favorablement r\u00e9partie sur les r\u00e9gions agricoles, notamment au cours des mois de f\u00e9vrier et mars.<\/p>\n<p>D\u2019\u00e9ventuelles pr\u00e9cipitations dans les jours \u00e0 venir devraient avoir un effet positif sur le d\u00e9roulement de la saison agricole, notamment en ce qui concerne les cultures d\u2019automne comme les c\u00e9r\u00e9ales, les l\u00e9gumineuses et les plantes sucri\u00e8res.<\/p>\n<\/div>\n<p>Auteur: APA News<br \/>\n<a href=\"https:\/\/www.journalducameroun.com\/maroc-le-cumul-pluviometrique-accuse-une-baisse-de-376-a-fin-2019\/\">Cliquez ici pour lire l&rsquo;article depuis sa source.<\/a><\/p>\n","protected":false},"excerpt":{"rendered":"<p>Publi\u00e9 le 24.01.2020 \u00e0 23h18 par APA News Le cumul pluviom\u00e9trique \u00e0 fin 2019 a accus\u00e9 une baisse de 37,6%, par rapport \u00e0 la pr\u00e9c\u00e9dente campagne agricole et le taux de remplissage des barrages \u00e0 usage agricole est de 47,6% contre 60,2% l\u2019ann\u00e9e \u00e9coul\u00e9e, pr\u00e9cise la Direction des \u00e9tudes et des pr\u00e9visions financi\u00e8res.Dans les d\u00e9tails, [&hellip;]<\/p>\n","protected":false},"author":1965,"featured_media":0,"comment_status":"closed","ping_status":"closed","sticky":false,"template":"","format":"standard","meta":{"fifu_image_url":"","fifu_image_alt":"","footnotes":""},"categories":[73,82],"tags":[],"class_list":["post-74072","post","type-post","status-publish","format-standard","hentry","category-actualite","category-cameroun"],"_links":{"self":[{"href":"https:\/\/linitiative.ca\/International\/wp-json\/wp\/v2\/posts\/74072","targetHints":{"allow":["GET"]}}],"collection":[{"href":"https:\/\/linitiative.ca\/International\/wp-json\/wp\/v2\/posts"}],"about":[{"href":"https:\/\/linitiative.ca\/International\/wp-json\/wp\/v2\/types\/post"}],"author":[{"embeddable":true,"href":"https:\/\/linitiative.ca\/International\/wp-json\/wp\/v2\/users\/1965"}],"replies":[{"embeddable":true,"href":"https:\/\/linitiative.ca\/International\/wp-json\/wp\/v2\/comments?post=74072"}],"version-history":[{"count":0,"href":"https:\/\/linitiative.ca\/International\/wp-json\/wp\/v2\/posts\/74072\/revisions"}],"wp:attachment":[{"href":"https:\/\/linitiative.ca\/International\/wp-json\/wp\/v2\/media?parent=74072"}],"wp:term":[{"taxonomy":"category","embeddable":true,"href":"https:\/\/linitiative.ca\/International\/wp-json\/wp\/v2\/categories?post=74072"},{"taxonomy":"post_tag","embeddable":true,"href":"https:\/\/linitiative.ca\/International\/wp-json\/wp\/v2\/tags?post=74072"}],"curies":[{"name":"wp","href":"https:\/\/api.w.org\/{rel}","templated":true}]}}