{"id":74074,"date":"2020-01-24T17:18:08","date_gmt":"2020-01-24T22:18:08","guid":{"rendered":"https:\/\/linitiative.ca\/International\/le-maroc-reconnait-le-gouvernement-de-la-bolivie\/"},"modified":"2020-01-24T17:18:08","modified_gmt":"2020-01-24T22:18:08","slug":"le-maroc-reconnait-le-gouvernement-de-la-bolivie","status":"publish","type":"post","link":"https:\/\/linitiative.ca\/International\/le-maroc-reconnait-le-gouvernement-de-la-bolivie\/","title":{"rendered":"Le Maroc reconnait le gouvernement de la Bolivie"},"content":{"rendered":"<div readability=\"32\">\n<p>Publi\u00e9 le 24.01.2020 \u00e0 23h18 par APA News<\/p>\n<\/div>\n<div readability=\"81\">\n<p>Le Maroc a exprim\u00e9, vendredi, sa reconnaissance du gouvernement de la Bolivie, et fait part de sa d\u00e9cision de s\u2019associer aux efforts de la communaut\u00e9 internationale pour contribuer \u00e0 la r\u00e9alisation des objectifs fix\u00e9s par la convocation d\u2019\u00e9lections g\u00e9n\u00e9rales dans le pays sud-am\u00e9ricain.\u00ab Le Royaume du Maroc, qui suit avec int\u00e9r\u00eat la situation politique en Bolivie, reconna\u00eet le gouvernement constitutionnel de la pr\u00e9sidente de l\u2019Etat plurinational de Bolivie, Mme. Jeanine A\u00f1ez Ch\u00e1vez, et s\u2019associe aux efforts de la communaut\u00e9 internationale pour contribuer \u00e0 la r\u00e9alisation des objectifs fix\u00e9s par la convocation d\u2019\u00e9lections g\u00e9n\u00e9rales en Bolivie \u00bb , indique un communiqu\u00e9 du minist\u00e8re marocain des Affaires \u00e9trang\u00e8res.<\/p>\n<p>Selon le communiqu\u00e9, \u00ab ce processus offrira \u00e0 la Bolivie la stabilit\u00e9 n\u00e9cessaire ainsi que la prosp\u00e9rit\u00e9 pour le peuple bolivien et contribuera \u00e0 son rayonnement r\u00e9gional et international\u00a0\u00bb.<\/p>\n<p>Le Royaume a, de m\u00eame, fait \u00e9tat de sa \u00ab ferme volont\u00e9 \u00bb de renforcer ses relations bilat\u00e9rales avec la Bolivie \u00ab sur la base des principes du respect de la souverainet\u00e9 nationale et de l\u2019int\u00e9grit\u00e9 territoriale, ainsi que de la non-ing\u00e9rence dans les affaires int\u00e9rieures de chaque pays \u00bb.<\/p>\n<p>Le Maroc a \u00e9galement tenu, souligne le texte, \u00e0 remercier l\u2019\u00c9tat plurinational de Bolivie pour \u00ab sa position sage sur le diff\u00e9rend r\u00e9gional autour du Sahara marocain, affirmant ainsi son engagement d\u2019aider les parties \u00e0 parvenir \u00e0 une solution politique juste, durable et mutuellement acceptable dans le cadre des Nations unies \u00bb.<\/p>\n<p>\u00ab Le Maroc convient avec l\u2019\u00c9tat Plurinational de Bolivie de mettre en \u0153uvre le m\u00e9canisme des consultations bilat\u00e9rales instaur\u00e9 en d\u00e9cembre 1999, la Convention de coop\u00e9ration \u00e9conomique, scientifique et technique d\u2019ao\u00fbt 2000 et le M\u00e9morandum d\u2019entente sur la coop\u00e9ration bilat\u00e9rale\u00a0\u00bb, rappelle le texte.<\/p>\n<p>Tout en r\u00e9affirmant \u00ab sa volont\u00e9 de mettre en place une Commission mixte Bolivie-Maroc, afin de jeter les bases d\u2019une coop\u00e9ration bilat\u00e9rale ambitieuse et multidimensionnelle \u00bb, Rabat a \u00ab r\u00e9it\u00e9r\u00e9 son ferme engagement \u00e0 travailler avec la Bolivie pour construire un nouveau cadre bilat\u00e9ral qui favorise une coop\u00e9ration active, solidaire et ambitieuse \u00bb.<\/p>\n<\/div>\n<p>Auteur: APA News<br \/>\n<a href=\"https:\/\/www.journalducameroun.com\/le-maroc-reconnait-le-gouvernement-de-la-bolivie\/\">Cliquez ici pour lire l&rsquo;article depuis sa source.<\/a><\/p>\n","protected":false},"excerpt":{"rendered":"<p>Publi\u00e9 le 24.01.2020 \u00e0 23h18 par APA News Le Maroc a exprim\u00e9, vendredi, sa reconnaissance du gouvernement de la Bolivie, et fait part de sa d\u00e9cision de s\u2019associer aux efforts de la communaut\u00e9 internationale pour contribuer \u00e0 la r\u00e9alisation des objectifs fix\u00e9s par la convocation d\u2019\u00e9lections g\u00e9n\u00e9rales dans le pays sud-am\u00e9ricain.\u00ab Le Royaume du Maroc, [&hellip;]<\/p>\n","protected":false},"author":1965,"featured_media":0,"comment_status":"closed","ping_status":"closed","sticky":false,"template":"","format":"standard","meta":{"fifu_image_url":"","fifu_image_alt":"","footnotes":""},"categories":[73,82],"tags":[],"class_list":["post-74074","post","type-post","status-publish","format-standard","hentry","category-actualite","category-cameroun"],"_links":{"self":[{"href":"https:\/\/linitiative.ca\/International\/wp-json\/wp\/v2\/posts\/74074","targetHints":{"allow":["GET"]}}],"collection":[{"href":"https:\/\/linitiative.ca\/International\/wp-json\/wp\/v2\/posts"}],"about":[{"href":"https:\/\/linitiative.ca\/International\/wp-json\/wp\/v2\/types\/post"}],"author":[{"embeddable":true,"href":"https:\/\/linitiative.ca\/International\/wp-json\/wp\/v2\/users\/1965"}],"replies":[{"embeddable":true,"href":"https:\/\/linitiative.ca\/International\/wp-json\/wp\/v2\/comments?post=74074"}],"version-history":[{"count":0,"href":"https:\/\/linitiative.ca\/International\/wp-json\/wp\/v2\/posts\/74074\/revisions"}],"wp:attachment":[{"href":"https:\/\/linitiative.ca\/International\/wp-json\/wp\/v2\/media?parent=74074"}],"wp:term":[{"taxonomy":"category","embeddable":true,"href":"https:\/\/linitiative.ca\/International\/wp-json\/wp\/v2\/categories?post=74074"},{"taxonomy":"post_tag","embeddable":true,"href":"https:\/\/linitiative.ca\/International\/wp-json\/wp\/v2\/tags?post=74074"}],"curies":[{"name":"wp","href":"https:\/\/api.w.org\/{rel}","templated":true}]}}