{"id":74082,"date":"2020-01-25T02:06:36","date_gmt":"2020-01-25T07:06:36","guid":{"rendered":"https:\/\/linitiative.ca\/International\/le-service-sera-etendu-a-dautres-villes-yassir-lance-son-application-taxi-a-tanger\/"},"modified":"2020-01-25T02:06:36","modified_gmt":"2020-01-25T07:06:36","slug":"le-service-sera-etendu-a-dautres-villes-yassir-lance-son-application-taxi-a-tanger","status":"publish","type":"post","link":"https:\/\/linitiative.ca\/International\/le-service-sera-etendu-a-dautres-villes-yassir-lance-son-application-taxi-a-tanger\/","title":{"rendered":"Le service sera \u00e9tendu \u00e0 d\u2019autres villes : Yassir lance son application Taxi \u00e0 Tanger"},"content":{"rendered":"<header>\n<\/header>\n<div class=\"entry-content clearfix\" readability=\"49\"><img decoding=\"async\" class=\"post_layout_5_img\" src=\"http:\/\/aujourdhui.ma\/wp-content\/uploads\/2020\/01\/Yassir-Taxi-tanger.jpg?x29840\" alt=\"Le service sera \u00e9tendu \u00e0 d\u2019autres villes : Yassir lance son application Taxi \u00e0 Tanger\"\/><\/p>\n<p class=\"p1\"><span class=\"s1\"><span class=\"c4\"><strong>L\u2019entreprise Yassir, sp\u00e9cialis\u00e9e en solutions mobiles en Afrique, lance officiellement son application de r\u00e9servation de taxi \u00e0 Tanger.<\/strong><\/span><\/span><span id=\"more-330915\"\/><\/p>\n<p class=\"p1\"><span class=\"s1\">Apr\u00e8s un pr\u00e9-lancement qui a dur\u00e9 1 mois, l\u2019application permettra actuellement \u00e0 tous les habitants de Tanger de commander leur taxi \u00e0 travers Yassir 24h\/24 et 7j\/7.<\/span><\/p>\n<p class=\"p1\"><span class=\"s1\">L\u2019entreprise souligne qu\u2019elle lance ses activit\u00e9s en conformit\u00e9 avec les lois en vigueur, notamment le Dahir n\u00b0 1-63-260 ainsi que les r\u00e8glements \u00e9dict\u00e9s par la wilaya de la r\u00e9gion Tanger-T\u00e9touan-Al Hoceima.<\/span><\/p>\n<p class=\"p1\"><span class=\"s1\">L\u2019entreprise pr\u00e9voit d\u2019\u00e9tendre ses services pour couvrir, \u00e0 court terme, les villes de Rabat et Marrakech avant de s\u2019implanter sur le reste du territoire marocain.<\/span><\/p>\n<\/div>\n<p>Auteur: ALM<br \/>\n<a href=\"http:\/\/aujourdhui.ma\/high-tech\/le-service-sera-etendu-a-dautres-villes-yassir-lance-son-application-taxi-a-tanger\">Cliquez ici pour lire l&rsquo;article depuis sa source.<\/a><\/p>\n","protected":false},"excerpt":{"rendered":"<p>L\u2019entreprise Yassir, sp\u00e9cialis\u00e9e en solutions mobiles en Afrique, lance officiellement son application de r\u00e9servation de taxi \u00e0 Tanger. Apr\u00e8s un pr\u00e9-lancement qui a dur\u00e9 1 mois, l\u2019application permettra actuellement \u00e0 tous les habitants de Tanger de commander leur taxi \u00e0 travers Yassir 24h\/24 et 7j\/7. L\u2019entreprise souligne qu\u2019elle lance ses activit\u00e9s en conformit\u00e9 avec les [&hellip;]<\/p>\n","protected":false},"author":1759,"featured_media":0,"comment_status":"closed","ping_status":"closed","sticky":false,"template":"","format":"standard","meta":{"fifu_image_url":"","fifu_image_alt":"","footnotes":""},"categories":[73,54],"tags":[],"class_list":["post-74082","post","type-post","status-publish","format-standard","hentry","category-actualite","category-maroc"],"_links":{"self":[{"href":"https:\/\/linitiative.ca\/International\/wp-json\/wp\/v2\/posts\/74082","targetHints":{"allow":["GET"]}}],"collection":[{"href":"https:\/\/linitiative.ca\/International\/wp-json\/wp\/v2\/posts"}],"about":[{"href":"https:\/\/linitiative.ca\/International\/wp-json\/wp\/v2\/types\/post"}],"author":[{"embeddable":true,"href":"https:\/\/linitiative.ca\/International\/wp-json\/wp\/v2\/users\/1759"}],"replies":[{"embeddable":true,"href":"https:\/\/linitiative.ca\/International\/wp-json\/wp\/v2\/comments?post=74082"}],"version-history":[{"count":0,"href":"https:\/\/linitiative.ca\/International\/wp-json\/wp\/v2\/posts\/74082\/revisions"}],"wp:attachment":[{"href":"https:\/\/linitiative.ca\/International\/wp-json\/wp\/v2\/media?parent=74082"}],"wp:term":[{"taxonomy":"category","embeddable":true,"href":"https:\/\/linitiative.ca\/International\/wp-json\/wp\/v2\/categories?post=74082"},{"taxonomy":"post_tag","embeddable":true,"href":"https:\/\/linitiative.ca\/International\/wp-json\/wp\/v2\/tags?post=74082"}],"curies":[{"name":"wp","href":"https:\/\/api.w.org\/{rel}","templated":true}]}}