{"id":74086,"date":"2020-01-25T02:12:50","date_gmt":"2020-01-25T07:12:50","guid":{"rendered":"https:\/\/linitiative.ca\/International\/la-grand-messe-du-cinema-national-de-retour-a-tanger\/"},"modified":"2020-01-25T02:12:50","modified_gmt":"2020-01-25T07:12:50","slug":"la-grand-messe-du-cinema-national-de-retour-a-tanger","status":"publish","type":"post","link":"https:\/\/linitiative.ca\/International\/la-grand-messe-du-cinema-national-de-retour-a-tanger\/","title":{"rendered":"La grand-messe du cin\u00e9ma national de retour \u00e0 Tanger"},"content":{"rendered":"<p><img decoding=\"async\" class=\"post_layout_5_img\" src=\"http:\/\/aujourdhui.ma\/wp-content\/uploads\/2020\/01\/Festival-national-du-film-de-Tanger.jpg?x29840\" alt=\"La grand-messe du cin\u00e9ma national de retour \u00e0 Tanger\"\/><\/p>\n<p class=\"p1\"><span class=\"c4\"><strong>Le FNF mettra en comp\u00e9tition les nouvelles productions marocaines<\/strong><\/span> <span id=\"more-330970\"\/><\/p>\n<div class=\"base-box mom_box_sc_custom mom_box_sc clear c5\" readability=\"9\">\n<p class=\"p1\"><em><strong>La projection de ces films sen lice sera suivie comme d\u2019habitude par des d\u00e9bats en pr\u00e9sence de cin\u00e9astes, sc\u00e9naristes et acteurs ainsi que des critiques du cin\u00e9ma.<\/strong><\/em><\/p>\n<\/div>\n<p class=\"p1\"><a href=\"http:\/\/aujourdhui.ma\/wp-content\/uploads\/2020\/01\/Sarim-El-Hak-Fassi-Fihri-directeur-du-CCM-Festival-national-du-film-de-Tanger.jpg?x29840\"><img loading=\"lazy\" decoding=\"async\" class=\"size-full wp-image-330973 alignleft\" src=\"http:\/\/aujourdhui.ma\/wp-content\/uploads\/2020\/01\/Sarim-El-Hak-Fassi-Fihri-directeur-du-CCM-Festival-national-du-film-de-Tanger.jpg?x29840\" alt=\"\" width=\"357\" height=\"747\" srcset=\"http:\/\/aujourdhui.ma\/wp-content\/uploads\/2020\/01\/Sarim-El-Hak-Fassi-Fihri-directeur-du-CCM-Festival-national-du-film-de-Tanger.jpg 357w, http:\/\/aujourdhui.ma\/wp-content\/uploads\/2020\/01\/Sarim-El-Hak-Fassi-Fihri-directeur-du-CCM-Festival-national-du-film-de-Tanger-143x300.jpg 143w\" sizes=\"auto, (max-width: 357px) 100vw, 357px\"\/><\/a>La ville du d\u00e9troit se pr\u00e9pare \u00e0 accueillir son grand rendez-vous cin\u00e9matographique annuel avec la participation d\u2019une pl\u00e9iade de professionnels, dont des cin\u00e9astes, com\u00e9diens et sc\u00e9naristes. C\u2019est \u00e0 l\u2019occasion du 21\u00e8me Festival national du film (FNF) de Tanger qui sera organis\u00e9 par le Centre cin\u00e9matographique marocain (CCM) en partenariat avec les diff\u00e9rentes chambres professionnelles au Maroc. A l\u2019instar des 20 pr\u00e9c\u00e9dentes \u00e9ditions, ce grand rendez-vous annuel mettra en comp\u00e9tition les nouvelles productions cin\u00e9matographiques marocaines, notamment des longs-m\u00e9trages, des films documentaires et des courts-m\u00e9trages, qui ont \u00e9t\u00e9 produits en leur majorit\u00e9 en 2019. La projection de ces films sen lice sera suivie comme d\u2019habitude par des d\u00e9bats en pr\u00e9sence de cin\u00e9astes, sc\u00e9naristes et acteurs ainsi que des critiques du cin\u00e9ma. C\u2019est la meilleure occasion pour les cin\u00e9philes tang\u00e9rois et les visiteurs de la ville de rencontrer leurs acteurs pr\u00e9f\u00e9r\u00e9s.<\/p>\n<p class=\"p1\">Ce festival conna\u00eetra encore cette ann\u00e9e et dans une ambiance cin\u00e9matographique pure et festive, qui lui est propre, des hommages aux grands artistes marocains ayant marqu\u00e9 de leur empreinte le cin\u00e9ma national. En plus de la projection des longs et courts m\u00e9trages en lice, cette 21\u00e8me \u00e9dition pr\u00e9voit une collection de films marocains, dont certains continuent de faire parler d\u2019eux dans les m\u00e9dias et les \u00e9v\u00e9nements cin\u00e9matographiques. Cette programmation vise \u00e0 faire d\u00e9couvrir \u00e0 la nouvelle g\u00e9n\u00e9ration des cin\u00e9philes l\u2019histoire du cin\u00e9ma national. Cette collection de films hors comp\u00e9tition officielle sera diffus\u00e9e \u00e0 la grande salle de la cin\u00e9math\u00e8que de Tanger, qui fait partie des plus importants b\u00e2timents historiques du c\u00e9l\u00e8bre quartier Grand Socco.<\/p>\n<p class=\"p1\">Outre la projection des films, le programme de ce festival comporte d\u2019autres activit\u00e9s en rapport avec l\u2019objectif principal de cette 21\u00e8me \u00e9dition. Parmi lesquelles figurent des ateliers sur l\u2019\u00e9criture cin\u00e9matographique et la mise en sc\u00e8ne ainsi que des visites pr\u00e9vues en pr\u00e9sence des professionnels du 7\u00e8me art dans les \u00e9tablissements scolaires et au profit des d\u00e9tenus de la prison locale.<\/p>\n<p class=\"p1\">Notons que la journ\u00e9e de cl\u00f4ture de ce festival sera marqu\u00e9e comme \u00e0 son accoutum\u00e9e par la pr\u00e9sentation du bilan cin\u00e9matographique au titre de l\u2019ann\u00e9e 2019. Elle sera suivie dans la soir\u00e9e et dans une ambiance festive par la c\u00e9r\u00e9monie de remise des prix aux heureux gagnants de cette 21\u00e8me \u00e9dition.<\/p>\n<p class=\"p1\">Il est \u00e0 rappeler que le Grand prix 2019 avait \u00e9t\u00e9 remis au long m\u00e9trage documentaire \u00abLancer ce poids\u00bb de Hind Bensari. Cet \u00e9mouvant film traite du quotidien de l\u2019athl\u00e8te paralympique marocain Azzedine Nouiri et ses pr\u00e9paratifs pour les Jeux paralympiques de Rio 2016.<\/p>\n<p>Auteur: Najat Fa\u00efssal<br \/>\n<a href=\"http:\/\/aujourdhui.ma\/culture\/cinema\/la-grand-messe-du-cinema-national-de-retour-a-tanger\">Cliquez ici pour lire l&rsquo;article depuis sa source.<\/a><\/p>\n","protected":false},"excerpt":{"rendered":"<p>Le FNF mettra en comp\u00e9tition les nouvelles productions marocaines La projection de ces films sen lice sera suivie comme d\u2019habitude par des d\u00e9bats en pr\u00e9sence de cin\u00e9astes, sc\u00e9naristes et acteurs ainsi que des critiques du cin\u00e9ma. La ville du d\u00e9troit se pr\u00e9pare \u00e0 accueillir son grand rendez-vous cin\u00e9matographique annuel avec la participation d\u2019une pl\u00e9iade de [&hellip;]<\/p>\n","protected":false},"author":1759,"featured_media":0,"comment_status":"closed","ping_status":"closed","sticky":false,"template":"","format":"standard","meta":{"fifu_image_url":"","fifu_image_alt":"","footnotes":""},"categories":[73,54],"tags":[],"class_list":["post-74086","post","type-post","status-publish","format-standard","hentry","category-actualite","category-maroc"],"_links":{"self":[{"href":"https:\/\/linitiative.ca\/International\/wp-json\/wp\/v2\/posts\/74086","targetHints":{"allow":["GET"]}}],"collection":[{"href":"https:\/\/linitiative.ca\/International\/wp-json\/wp\/v2\/posts"}],"about":[{"href":"https:\/\/linitiative.ca\/International\/wp-json\/wp\/v2\/types\/post"}],"author":[{"embeddable":true,"href":"https:\/\/linitiative.ca\/International\/wp-json\/wp\/v2\/users\/1759"}],"replies":[{"embeddable":true,"href":"https:\/\/linitiative.ca\/International\/wp-json\/wp\/v2\/comments?post=74086"}],"version-history":[{"count":0,"href":"https:\/\/linitiative.ca\/International\/wp-json\/wp\/v2\/posts\/74086\/revisions"}],"wp:attachment":[{"href":"https:\/\/linitiative.ca\/International\/wp-json\/wp\/v2\/media?parent=74086"}],"wp:term":[{"taxonomy":"category","embeddable":true,"href":"https:\/\/linitiative.ca\/International\/wp-json\/wp\/v2\/categories?post=74086"},{"taxonomy":"post_tag","embeddable":true,"href":"https:\/\/linitiative.ca\/International\/wp-json\/wp\/v2\/tags?post=74086"}],"curies":[{"name":"wp","href":"https:\/\/api.w.org\/{rel}","templated":true}]}}