{"id":74087,"date":"2020-01-24T13:57:16","date_gmt":"2020-01-24T18:57:16","guid":{"rendered":"https:\/\/linitiative.ca\/International\/formation-du-gouvernement-attayar-soutiendra-elyes-fakhfakh\/"},"modified":"2020-01-24T13:57:16","modified_gmt":"2020-01-24T18:57:16","slug":"formation-du-gouvernement-attayar-soutiendra-elyes-fakhfakh","status":"publish","type":"post","link":"https:\/\/linitiative.ca\/International\/formation-du-gouvernement-attayar-soutiendra-elyes-fakhfakh\/","title":{"rendered":"Formation du gouvernement  Attayar soutiendra Ely\u00e8s Fakhfakh"},"content":{"rendered":"<p>Mohamed Abbou, secr\u00e9taire g\u00e9n\u00e9ral du Courant d\u00e9mocrate (Attayar), a soulign\u00e9 l\u2019engagement de son parti \u00e0 soutenir le chef du gouvernement d\u00e9sign\u00e9, Elyes Fakhfakh, dans le processus de formation de son \u00e9quipe gouvernementale.<br \/>\u00ab Nous esp\u00e9rons voir le chef du gouvernement d\u00e9sign\u00e9 parvenir rapidement \u00e0 identifier les partis politiques qui devraient former la coalition gouvernementale, a-t-il ajout\u00e9.<br \/>Dans une d\u00e9claration aux m\u00e9dias, \u00e0 l\u2019issue de sa rencontre, jeudi au palais de Dar Dhiafa \u00e0 Carthage, avec le chef du gouvernement d\u00e9sign\u00e9 Elyes Fakhfakh, Abbou a indiqu\u00e9 que l\u2019entretien a port\u00e9 sur les objectifs du gouvernement et le processus de sa formation.<br \/>S\u2019agissant des conditions de son parti pour participer au prochain gouvernement, Abbou a soulign\u00e9 que son parti sera plus \u00ab flexible \u00bb niant toute intention de r\u00e9clamer l\u2019exclusion de certains partis des concertations sur la formation du gouvernement.<br \/>Pour Abbou, le futur gouvernement pourrait maintenir le nombre actuel des ministres mais n\u2019aura pas le m\u00eame nombre propos\u00e9 dans le gouvernement de Habib Jemli (42 ministre et secr\u00e9taires d\u2019Etat).<\/p>\n<p class=\"dpsp-share-text\">Partager c&rsquo;est aimer!<\/p>\n<div class=\"wp-post-author-wrap wp-post-author-shortcode left\">\n<h3 class=\"awpa-title\"\/>\n<div class=\"wp-post-author\">\n<div class=\"awpa-img awpa-author-block square\"><a href=\"http:\/\/lexpertjournal.net\/fr\/author\/expert\/\"><img loading=\"lazy\" decoding=\"async\" alt=\"\" src=\"http:\/\/0.gravatar.com\/avatar\/c828f0b17d24309f0d01a4eac3747085?s=150&#038;d=mm&#038;r=g\" srcset=\"http:\/\/0.gravatar.com\/avatar\/c828f0b17d24309f0d01a4eac3747085?s=300&#038;d=mm&#038;r=g 2x\" class=\"avatar avatar-150 photo\" height=\"150\" width=\"150\"\/><\/a><\/div>\n<\/div>\n<\/div>\n<p>Auteur: L&rsquo;expert<br \/>\n<a href=\"http:\/\/lexpertjournal.net\/fr\/2020\/01\/24\/formation-du-gouvernement-attayar-soutiendra-elyes-fakhfakh\/\">Cliquez ici pour lire l&rsquo;article depuis sa source.<\/a><\/p>\n","protected":false},"excerpt":{"rendered":"<p>Mohamed Abbou, secr\u00e9taire g\u00e9n\u00e9ral du Courant d\u00e9mocrate (Attayar), a soulign\u00e9 l\u2019engagement de son parti \u00e0 soutenir le chef du gouvernement d\u00e9sign\u00e9, Elyes Fakhfakh, dans le processus de formation de son \u00e9quipe gouvernementale.\u00ab Nous esp\u00e9rons voir le chef du gouvernement d\u00e9sign\u00e9 parvenir rapidement \u00e0 identifier les partis politiques qui devraient former la coalition gouvernementale, a-t-il ajout\u00e9.Dans [&hellip;]<\/p>\n","protected":false},"author":1775,"featured_media":0,"comment_status":"closed","ping_status":"closed","sticky":false,"template":"","format":"standard","meta":{"fifu_image_url":"","fifu_image_alt":"","footnotes":""},"categories":[78,55],"tags":[],"class_list":["post-74087","post","type-post","status-publish","format-standard","hentry","category-economie","category-tunisie"],"_links":{"self":[{"href":"https:\/\/linitiative.ca\/International\/wp-json\/wp\/v2\/posts\/74087","targetHints":{"allow":["GET"]}}],"collection":[{"href":"https:\/\/linitiative.ca\/International\/wp-json\/wp\/v2\/posts"}],"about":[{"href":"https:\/\/linitiative.ca\/International\/wp-json\/wp\/v2\/types\/post"}],"author":[{"embeddable":true,"href":"https:\/\/linitiative.ca\/International\/wp-json\/wp\/v2\/users\/1775"}],"replies":[{"embeddable":true,"href":"https:\/\/linitiative.ca\/International\/wp-json\/wp\/v2\/comments?post=74087"}],"version-history":[{"count":0,"href":"https:\/\/linitiative.ca\/International\/wp-json\/wp\/v2\/posts\/74087\/revisions"}],"wp:attachment":[{"href":"https:\/\/linitiative.ca\/International\/wp-json\/wp\/v2\/media?parent=74087"}],"wp:term":[{"taxonomy":"category","embeddable":true,"href":"https:\/\/linitiative.ca\/International\/wp-json\/wp\/v2\/categories?post=74087"},{"taxonomy":"post_tag","embeddable":true,"href":"https:\/\/linitiative.ca\/International\/wp-json\/wp\/v2\/tags?post=74087"}],"curies":[{"name":"wp","href":"https:\/\/api.w.org\/{rel}","templated":true}]}}