{"id":74089,"date":"2020-01-24T14:01:41","date_gmt":"2020-01-24T19:01:41","guid":{"rendered":"https:\/\/linitiative.ca\/International\/gouvernement-consultations-al-badil-adhere-a-une-formation-dexperts\/"},"modified":"2020-01-24T14:01:41","modified_gmt":"2020-01-24T19:01:41","slug":"gouvernement-consultations-al-badil-adhere-a-une-formation-dexperts","status":"publish","type":"post","link":"https:\/\/linitiative.ca\/International\/gouvernement-consultations-al-badil-adhere-a-une-formation-dexperts\/","title":{"rendered":"Gouvernement-Consultations:  Al Badil adh\u00e8re \u00e0 une formation d\u2019experts"},"content":{"rendered":"<p>Le chef du Parti Al Badil et ancien chef de gouvernement, Mahdi Jomaa, a appel\u00e9 jeudi soir \u00e0 \u00ab former une \u00e9quipe gouvernementale performante compos\u00e9e d\u2019experts de l\u2019int\u00e9rieur et de l\u2019ext\u00e9rieur des partis, et \u00e0 \u00e9tendre le soutien politique du gouvernement \u00bb.<br \/>Il s\u2019est \u00e9galement prononc\u00e9, apr\u00e8s sa rencontre avec le chef du gouvernement d\u00e9sign\u00e9, Ely\u00e8s Fakhfakh, jeudi au Palais Dhiafa \u00e0 Carthage, pour un consensus sur les grandes orientations et les solutions urgentes \u00e0 long terme avec \u00ab les organisations et tous les protagonistes influents dans le pays \u00bb.<br \/>\u00ab Al-Badil soutiendra tout gouvernement ayant une vision claire et capable de trouver des solutions aux questions essentielles \u00bb, a-t-il soulign\u00e9 devant la presse.<br \/>Mahdi Jomaa a pr\u00e9cis\u00e9 que l\u2019entretien \u00ab \u00e9tait l\u2019occasion de prendre connaissance des grandes lignes et des conceptions du chef du gouvernement d\u00e9sign\u00e9 pour la prochaine \u00e9tape \u00bb, relevant \u2018 \u00bbun accord total avec lui sur les visions et les orientations bas\u00e9es sur les grandes r\u00e9formes \u00e9conomiques et sur le volet social \u00bb.<br \/>Il a estim\u00e9 que \u00ab le moment \u00e9tait venu pour des efforts concert\u00e9s sur la base de programmes, d\u2019orientations et de priorit\u00e9s men\u00e9s par une \u00e9quipe gouvernementale comp\u00e9tente, \u00e9tant donn\u00e9 la situation difficile \u00e0 l\u2019int\u00e9rieur et \u00e0 l\u2019\u00e9chelle r\u00e9gionale \u00bb.<br \/>Il a souhait\u00e9 le succ\u00e8s du gouvernement attendu et le fonctionnement en toute harmonie de toutes les institutions du pays.<br \/>Al-Badil compte trois d\u00e9put\u00e9s au parlement, rappelle-t-on.<\/p>\n<p class=\"dpsp-share-text\">Partager c&rsquo;est aimer!<\/p>\n<div class=\"wp-post-author-wrap wp-post-author-shortcode left\">\n<h3 class=\"awpa-title\"\/>\n<div class=\"wp-post-author\">\n<div class=\"awpa-img awpa-author-block square\"><a href=\"http:\/\/lexpertjournal.net\/fr\/author\/expert\/\"><img loading=\"lazy\" decoding=\"async\" alt=\"\" src=\"http:\/\/0.gravatar.com\/avatar\/c828f0b17d24309f0d01a4eac3747085?s=150&#038;d=mm&#038;r=g\" srcset=\"http:\/\/0.gravatar.com\/avatar\/c828f0b17d24309f0d01a4eac3747085?s=300&#038;d=mm&#038;r=g 2x\" class=\"avatar avatar-150 photo\" height=\"150\" width=\"150\"\/><\/a><\/div>\n<\/div>\n<\/div>\n<p>Auteur: L&rsquo;expert<br \/>\n<a href=\"http:\/\/lexpertjournal.net\/fr\/2020\/01\/24\/gouvernement-consultations-al-badil-adhere-a-une-formation-dexperts\/\">Cliquez ici pour lire l&rsquo;article depuis sa source.<\/a><\/p>\n","protected":false},"excerpt":{"rendered":"<p>Le chef du Parti Al Badil et ancien chef de gouvernement, Mahdi Jomaa, a appel\u00e9 jeudi soir \u00e0 \u00ab former une \u00e9quipe gouvernementale performante compos\u00e9e d\u2019experts de l\u2019int\u00e9rieur et de l\u2019ext\u00e9rieur des partis, et \u00e0 \u00e9tendre le soutien politique du gouvernement \u00bb.Il s\u2019est \u00e9galement prononc\u00e9, apr\u00e8s sa rencontre avec le chef du gouvernement d\u00e9sign\u00e9, Ely\u00e8s [&hellip;]<\/p>\n","protected":false},"author":1775,"featured_media":0,"comment_status":"closed","ping_status":"closed","sticky":false,"template":"","format":"standard","meta":{"fifu_image_url":"","fifu_image_alt":"","footnotes":""},"categories":[78,55],"tags":[],"class_list":["post-74089","post","type-post","status-publish","format-standard","hentry","category-economie","category-tunisie"],"_links":{"self":[{"href":"https:\/\/linitiative.ca\/International\/wp-json\/wp\/v2\/posts\/74089","targetHints":{"allow":["GET"]}}],"collection":[{"href":"https:\/\/linitiative.ca\/International\/wp-json\/wp\/v2\/posts"}],"about":[{"href":"https:\/\/linitiative.ca\/International\/wp-json\/wp\/v2\/types\/post"}],"author":[{"embeddable":true,"href":"https:\/\/linitiative.ca\/International\/wp-json\/wp\/v2\/users\/1775"}],"replies":[{"embeddable":true,"href":"https:\/\/linitiative.ca\/International\/wp-json\/wp\/v2\/comments?post=74089"}],"version-history":[{"count":0,"href":"https:\/\/linitiative.ca\/International\/wp-json\/wp\/v2\/posts\/74089\/revisions"}],"wp:attachment":[{"href":"https:\/\/linitiative.ca\/International\/wp-json\/wp\/v2\/media?parent=74089"}],"wp:term":[{"taxonomy":"category","embeddable":true,"href":"https:\/\/linitiative.ca\/International\/wp-json\/wp\/v2\/categories?post=74089"},{"taxonomy":"post_tag","embeddable":true,"href":"https:\/\/linitiative.ca\/International\/wp-json\/wp\/v2\/tags?post=74089"}],"curies":[{"name":"wp","href":"https:\/\/api.w.org\/{rel}","templated":true}]}}