{"id":74092,"date":"2020-01-25T05:00:00","date_gmt":"2020-01-25T10:00:00","guid":{"rendered":"https:\/\/linitiative.ca\/International\/plus-de-20-etablissements-educatifs-cibles-a-el-tarf\/"},"modified":"2020-01-25T05:00:00","modified_gmt":"2020-01-25T10:00:00","slug":"plus-de-20-etablissements-educatifs-cibles-a-el-tarf","status":"publish","type":"post","link":"https:\/\/linitiative.ca\/International\/plus-de-20-etablissements-educatifs-cibles-a-el-tarf\/","title":{"rendered":"Plus de 20 \u00e9tablissements \u00e9ducatifs cibl\u00e9s \u00e0 El-Tarf"},"content":{"rendered":"<div id=\"originalText\" readability=\"42\">\n<p>La deuxi\u00e8me phase de la campagne de sensibilisation aux risques li\u00e9s \u00e0 une mauvaise utilisation du gaz, ciblant pas moins de 21 \u00e9tablissements \u00e9ducatifs, sera lanc\u00e9e, \u00e0 partir de lundi prochain, \u00e0 El-Tarf par les services locaux de la Protection civile, en \u00e9troite collaboration avec la direction de l\u2019\u00e9ducation, a indiqu\u00e9 jeudi le charg\u00e9 de la communication de ce corps constitu\u00e9. S\u2019exprimant en marge d\u2019une ultime r\u00e9union consacr\u00e9e \u00e0 la mise en place d\u2019un plan de travail d\u00e9di\u00e9 \u00e0 cette action de pr\u00e9vention, le lieutenant Madaci Seif Eddine a pr\u00e9cis\u00e9 que cette deuxi\u00e8me phase ciblera 14 coll\u00e8ges situ\u00e9s dans les sept da\u00efras de la wilaya ainsi que sept centres de formation professionnelle.<br \/>\u00a0<\/p>\n<p class=\"c6\"><strong>APS<\/strong><\/p>\n<\/div>\n<div id=\"text_core\" readability=\"42\">\n<p>La deuxi\u00e8me phase de la campagne de sensibilisation aux risques li\u00e9s \u00e0 une mauvaise utilisation du gaz, ciblant pas moins de 21 \u00e9tablissements \u00e9ducatifs, sera lanc\u00e9e, \u00e0 partir de lundi prochain, \u00e0 El-Tarf par les services locaux de la Protection civile, en \u00e9troite collaboration avec la direction de l\u2019\u00e9ducation, a indiqu\u00e9 jeudi le charg\u00e9 de la communication de ce corps constitu\u00e9. S\u2019exprimant en marge d\u2019une ultime r\u00e9union consacr\u00e9e \u00e0 la mise en place d\u2019un plan de travail d\u00e9di\u00e9 \u00e0 cette action de pr\u00e9vention, le lieutenant Madaci Seif Eddine a pr\u00e9cis\u00e9 que cette deuxi\u00e8me phase ciblera 14 coll\u00e8ges situ\u00e9s dans les sept da\u00efras de la wilaya ainsi que sept centres de formation professionnelle.<br \/>\u00a0<\/p>\n<p class=\"c6\"><strong>APS<\/strong><\/p>\n<\/div>\n<p>Auteur:<br \/>\n<a href=\"https:\/\/www.liberte-algerie.com\/est\/plus-de-20-etablissements-educatifs-cibles-a-el-tarf-332545\">Cliquez ici pour lire l&rsquo;article depuis sa source.<\/a><\/p>\n","protected":false},"excerpt":{"rendered":"<p>La deuxi\u00e8me phase de la campagne de sensibilisation aux risques li\u00e9s \u00e0 une mauvaise utilisation du gaz, ciblant pas moins de 21 \u00e9tablissements \u00e9ducatifs, sera lanc\u00e9e, \u00e0 partir de lundi prochain, \u00e0 El-Tarf par les services locaux de la Protection civile, en \u00e9troite collaboration avec la direction de l\u2019\u00e9ducation, a indiqu\u00e9 jeudi le charg\u00e9 de [&hellip;]<\/p>\n","protected":false},"author":1742,"featured_media":0,"comment_status":"closed","ping_status":"closed","sticky":false,"template":"","format":"standard","meta":{"fifu_image_url":"","fifu_image_alt":"","footnotes":""},"categories":[73,53],"tags":[],"class_list":["post-74092","post","type-post","status-publish","format-standard","hentry","category-actualite","category-algerie"],"_links":{"self":[{"href":"https:\/\/linitiative.ca\/International\/wp-json\/wp\/v2\/posts\/74092","targetHints":{"allow":["GET"]}}],"collection":[{"href":"https:\/\/linitiative.ca\/International\/wp-json\/wp\/v2\/posts"}],"about":[{"href":"https:\/\/linitiative.ca\/International\/wp-json\/wp\/v2\/types\/post"}],"author":[{"embeddable":true,"href":"https:\/\/linitiative.ca\/International\/wp-json\/wp\/v2\/users\/1742"}],"replies":[{"embeddable":true,"href":"https:\/\/linitiative.ca\/International\/wp-json\/wp\/v2\/comments?post=74092"}],"version-history":[{"count":0,"href":"https:\/\/linitiative.ca\/International\/wp-json\/wp\/v2\/posts\/74092\/revisions"}],"wp:attachment":[{"href":"https:\/\/linitiative.ca\/International\/wp-json\/wp\/v2\/media?parent=74092"}],"wp:term":[{"taxonomy":"category","embeddable":true,"href":"https:\/\/linitiative.ca\/International\/wp-json\/wp\/v2\/categories?post=74092"},{"taxonomy":"post_tag","embeddable":true,"href":"https:\/\/linitiative.ca\/International\/wp-json\/wp\/v2\/tags?post=74092"}],"curies":[{"name":"wp","href":"https:\/\/api.w.org\/{rel}","templated":true}]}}