{"id":74093,"date":"2020-01-25T05:00:00","date_gmt":"2020-01-25T10:00:00","guid":{"rendered":"https:\/\/linitiative.ca\/International\/relance-des-travaux-mais\/"},"modified":"2020-01-25T05:00:00","modified_gmt":"2020-01-25T10:00:00","slug":"relance-des-travaux-mais","status":"publish","type":"post","link":"https:\/\/linitiative.ca\/International\/relance-des-travaux-mais\/","title":{"rendered":"Relance des travaux, mais\u2026"},"content":{"rendered":"<div id=\"originalText\" readability=\"63\">\n<p>\u00c0 l\u2019instar de plusieurs projets qui tra\u00eenent sans \u00eatre achev\u00e9s dans les d\u00e9lais impartis, le chantier du troisi\u00e8me p\u00f4le universitaire d\u2019El-Aouana, \u00e0 une vingtaine de kilom\u00e8tres \u00e0 l\u2019ouest de la ville de Jijel, est au c\u0153ur d\u2019un retard qui renvoie sa r\u00e9ception \u00e0 des \u00e9ch\u00e9ances ult\u00e9rieures. Cela fait d\u00e9j\u00e0 plusieurs ann\u00e9es depuis qu\u2019on annonce son ouverture pour l\u2019ann\u00e9e universitaire qui suit, sans qu\u2019on parvienne \u00e0 l\u2019ouvrir r\u00e9ellement. Lanc\u00e9 en 2013 pour combler le d\u00e9ficit en places p\u00e9dagogiques, selon une \u00e9tude prospective, ce projet de trois facult\u00e9s des sciences de la nature et de la vie, des sciences agronomiques et des sciences exactes et de l\u2019informatique pourrait cependant conna\u00eetre un d\u00e9nouement dans un futur proche. C\u2019est ce qu\u2019ont indiqu\u00e9 des responsables de l\u2019universit\u00e9 Mohamed-Seddik-Ben-Yahia de Jijel, lorsqu\u2019ils ont abord\u00e9 ce sujet \u00e0 l\u2019occasion d\u2019une conf\u00e9rence de presse, tenue mercredi dernier. \u201cLe projet a \u00e9t\u00e9 relanc\u00e9\u201d, ont-ils affirm\u00e9. Cette relance remonte \u00e0 l\u2019ann\u00e9e 2018, mais elle ne concerne, selon les m\u00eames responsables, qu\u2019un bloc p\u00e9dagogique de 3 000 places, dont les travaux ont atteint un taux d\u2019avancement de 80%. Pour le reste des autres infrastructures, ce sont un restaurant de 1 000 places et deux blocs de 80 logements qui restent \u00e0 r\u00e9aliser, selon les propos tenus. Outre ces infrastructures, ce p\u00f4le disposera d\u2019un auditorium de 600 places, d\u2019un centre d\u2019enseignement intensif des langues, d\u2019un atelier technique et d\u2019une infirmerie, selon la fiche technique pr\u00e9sent\u00e9e \u00e0 son lancement. Offrant une large vue sur la mer, cette importante infrastructure, qui viendra renforcer \u00e0 son ach\u00e8vement les deux autres p\u00f4les universitaires de Tassoust et de Jijel, n\u00e9cessite encore la mise en place de plusieurs autres commodit\u00e9s, dont les travaux de VRD, pour qu\u2019elle soit inaugur\u00e9e. Les travaux qui restent \u00e0 r\u00e9aliser risquent cependant de renvoyer \u00e0 plus tard sa livraison. D\u2019ailleurs, aucune date n\u2019est retenue pour son ouverture, selon les responsables de l\u2019universit\u00e9, qui pr\u00e9cisent que ce projet est suivi par les services de la wilaya.<br \/>\u00a0<\/p>\n<p class=\"c6\"><strong>Amor Z.<\/strong><\/p>\n<\/div>\n<div id=\"text_core\" readability=\"63\">\n<p>\u00c0 l\u2019instar de plusieurs projets qui tra\u00eenent sans \u00eatre achev\u00e9s dans les d\u00e9lais impartis, le chantier du troisi\u00e8me p\u00f4le universitaire d\u2019El-Aouana, \u00e0 une vingtaine de kilom\u00e8tres \u00e0 l\u2019ouest de la ville de Jijel, est au c\u0153ur d\u2019un retard qui renvoie sa r\u00e9ception \u00e0 des \u00e9ch\u00e9ances ult\u00e9rieures. Cela fait d\u00e9j\u00e0 plusieurs ann\u00e9es depuis qu\u2019on annonce son ouverture pour l\u2019ann\u00e9e universitaire qui suit, sans qu\u2019on parvienne \u00e0 l\u2019ouvrir r\u00e9ellement. Lanc\u00e9 en 2013 pour combler le d\u00e9ficit en places p\u00e9dagogiques, selon une \u00e9tude prospective, ce projet de trois facult\u00e9s des sciences de la nature et de la vie, des sciences agronomiques et des sciences exactes et de l\u2019informatique pourrait cependant conna\u00eetre un d\u00e9nouement dans un futur proche. C\u2019est ce qu\u2019ont indiqu\u00e9 des responsables de l\u2019universit\u00e9 Mohamed-Seddik-Ben-Yahia de Jijel, lorsqu\u2019ils ont abord\u00e9 ce sujet \u00e0 l\u2019occasion d\u2019une conf\u00e9rence de presse, tenue mercredi dernier. \u201cLe projet a \u00e9t\u00e9 relanc\u00e9\u201d, ont-ils affirm\u00e9. Cette relance remonte \u00e0 l\u2019ann\u00e9e 2018, mais elle ne concerne, selon les m\u00eames responsables, qu\u2019un bloc p\u00e9dagogique de 3 000 places, dont les travaux ont atteint un taux d\u2019avancement de 80%. Pour le reste des autres infrastructures, ce sont un restaurant de 1 000 places et deux blocs de 80 logements qui restent \u00e0 r\u00e9aliser, selon les propos tenus. Outre ces infrastructures, ce p\u00f4le disposera d\u2019un auditorium de 600 places, d\u2019un centre d\u2019enseignement intensif des langues, d\u2019un atelier technique et d\u2019une infirmerie, selon la fiche technique pr\u00e9sent\u00e9e \u00e0 son lancement. Offrant une large vue sur la mer, cette importante infrastructure, qui viendra renforcer \u00e0 son ach\u00e8vement les deux autres p\u00f4les universitaires de Tassoust et de Jijel, n\u00e9cessite encore la mise en place de plusieurs autres commodit\u00e9s, dont les travaux de VRD, pour qu\u2019elle soit inaugur\u00e9e. Les travaux qui restent \u00e0 r\u00e9aliser risquent cependant de renvoyer \u00e0 plus tard sa livraison. D\u2019ailleurs, aucune date n\u2019est retenue pour son ouverture, selon les responsables de l\u2019universit\u00e9, qui pr\u00e9cisent que ce projet est suivi par les services de la wilaya.<br \/>\u00a0<\/p>\n<p class=\"c6\"><strong>Amor Z.<\/strong><\/p>\n<\/div>\n<p>Auteur:<br \/>\n<a href=\"https:\/\/www.liberte-algerie.com\/est\/relance-des-travaux-mais-332544\">Cliquez ici pour lire l&rsquo;article depuis sa source.<\/a><\/p>\n","protected":false},"excerpt":{"rendered":"<p>\u00c0 l\u2019instar de plusieurs projets qui tra\u00eenent sans \u00eatre achev\u00e9s dans les d\u00e9lais impartis, le chantier du troisi\u00e8me p\u00f4le universitaire d\u2019El-Aouana, \u00e0 une vingtaine de kilom\u00e8tres \u00e0 l\u2019ouest de la ville de Jijel, est au c\u0153ur d\u2019un retard qui renvoie sa r\u00e9ception \u00e0 des \u00e9ch\u00e9ances ult\u00e9rieures. Cela fait d\u00e9j\u00e0 plusieurs ann\u00e9es depuis qu\u2019on annonce son [&hellip;]<\/p>\n","protected":false},"author":1742,"featured_media":0,"comment_status":"closed","ping_status":"closed","sticky":false,"template":"","format":"standard","meta":{"fifu_image_url":"","fifu_image_alt":"","footnotes":""},"categories":[73,53],"tags":[],"class_list":["post-74093","post","type-post","status-publish","format-standard","hentry","category-actualite","category-algerie"],"_links":{"self":[{"href":"https:\/\/linitiative.ca\/International\/wp-json\/wp\/v2\/posts\/74093","targetHints":{"allow":["GET"]}}],"collection":[{"href":"https:\/\/linitiative.ca\/International\/wp-json\/wp\/v2\/posts"}],"about":[{"href":"https:\/\/linitiative.ca\/International\/wp-json\/wp\/v2\/types\/post"}],"author":[{"embeddable":true,"href":"https:\/\/linitiative.ca\/International\/wp-json\/wp\/v2\/users\/1742"}],"replies":[{"embeddable":true,"href":"https:\/\/linitiative.ca\/International\/wp-json\/wp\/v2\/comments?post=74093"}],"version-history":[{"count":0,"href":"https:\/\/linitiative.ca\/International\/wp-json\/wp\/v2\/posts\/74093\/revisions"}],"wp:attachment":[{"href":"https:\/\/linitiative.ca\/International\/wp-json\/wp\/v2\/media?parent=74093"}],"wp:term":[{"taxonomy":"category","embeddable":true,"href":"https:\/\/linitiative.ca\/International\/wp-json\/wp\/v2\/categories?post=74093"},{"taxonomy":"post_tag","embeddable":true,"href":"https:\/\/linitiative.ca\/International\/wp-json\/wp\/v2\/tags?post=74093"}],"curies":[{"name":"wp","href":"https:\/\/api.w.org\/{rel}","templated":true}]}}