{"id":74094,"date":"2020-01-25T07:10:00","date_gmt":"2020-01-25T12:10:00","guid":{"rendered":"https:\/\/linitiative.ca\/International\/la-plateforme-proposee-pour-laboutissement-de-la-revolution\/"},"modified":"2020-01-25T07:10:00","modified_gmt":"2020-01-25T12:10:00","slug":"la-plateforme-proposee-pour-laboutissement-de-la-revolution","status":"publish","type":"post","link":"https:\/\/linitiative.ca\/International\/la-plateforme-proposee-pour-laboutissement-de-la-revolution\/","title":{"rendered":"La plateforme propos\u00e9e pour l\u2019aboutissement de la r\u00e9volution"},"content":{"rendered":"<div id=\"originalText\" readability=\"60\">\n<p>Les assises des forces du Pacte pour l\u2019alternative d\u00e9mocratique (PAD) ont d\u00e9but\u00e9, ce samedi, au si\u00e8ge national du Rassemblement pour la culture et la d\u00e9mocratie (RCD), situ\u00e9 \u00e0 El Biar, sur les hauteurs d\u2019Alger.<\/p>\n<p>En effet, les assises qui devaient avoir lieu \u00e0 la SAFEX se sont finalement tenues au si\u00e8ge du RCD, suite au refus de la wilaya d\u2019Alger d\u2019octroyer une salle malgr\u00e9 \u00ab\u00a0l\u2019accord \u00e9crit de l\u2019administration de la Safex d\u00e9livr\u00e9 \u00e0 l\u2019UCP (Union pour le changement et le progr\u00e8s)\u00a0\u00bb, avait d\u00e9nonc\u00e9 le PAD dans un communiqu\u00e9 rendu public hier.<\/p>\n<p>De nombreux personnalit\u00e9s nationales, syndicalistes et repr\u00e9sentants de diff\u00e9rents partis politiques dont le FFS, RCD, MDS, UCP, PT et PST ont r\u00e9pondu pr\u00e9sents, notamment, l\u2019ancien ministre Abdelaziz Rahabi qui a pris la parole, apr\u00e8s plusieurs intervenants.<\/p>\n<p>Voici la plateforme propos\u00e9e par le PAD pour l\u2019aboutissement d\u00e9mocratique de la r\u00e9volution\u00a0:<\/p>\n<p><img decoding=\"async\" alt=\"\" src=\"\/data\/upload\/82806596_509554396372549_6035708294004211712_n.jpg\" class=\"c6\"\/><img decoding=\"async\" alt=\"\" src=\"\/data\/upload\/83214318_537198650217245_1910855156426080256_n.jpg\" class=\"c7\"\/><img decoding=\"async\" alt=\"\" src=\"\/data\/upload\/84065055_559591811438237_8584834838027042816_n.jpg\" class=\"c8\"\/><img decoding=\"async\" alt=\"\" src=\"\/data\/upload\/82932017_178087716772276_2810107925366833152_n.jpg\" class=\"c9\"\/><\/p>\n<\/div>\n<div id=\"text_core\" readability=\"60\">\n<p>Les assises des forces du Pacte pour l\u2019alternative d\u00e9mocratique (PAD) ont d\u00e9but\u00e9, ce samedi, au si\u00e8ge national du Rassemblement pour la culture et la d\u00e9mocratie (RCD), situ\u00e9 \u00e0 El Biar, sur les hauteurs d\u2019Alger.<\/p>\n<p>En effet, les assises qui devaient avoir lieu \u00e0 la SAFEX se sont finalement tenues au si\u00e8ge du RCD, suite au refus de la wilaya d\u2019Alger d\u2019octroyer une salle malgr\u00e9 \u00ab\u00a0l\u2019accord \u00e9crit de l\u2019administration de la Safex d\u00e9livr\u00e9 \u00e0 l\u2019UCP (Union pour le changement et le progr\u00e8s)\u00a0\u00bb, avait d\u00e9nonc\u00e9 le PAD dans un communiqu\u00e9 rendu public hier.<\/p>\n<p>De nombreux personnalit\u00e9s nationales, syndicalistes et repr\u00e9sentants de diff\u00e9rents partis politiques dont le FFS, RCD, MDS, UCP, PT et PST ont r\u00e9pondu pr\u00e9sents, notamment, l\u2019ancien ministre Abdelaziz Rahabi qui a pris la parole, apr\u00e8s plusieurs intervenants.<\/p>\n<p>Voici la plateforme propos\u00e9e par le PAD pour l\u2019aboutissement d\u00e9mocratique de la r\u00e9volution\u00a0:<\/p>\n<p><img decoding=\"async\" alt=\"\" src=\"\/data\/upload\/82806596_509554396372549_6035708294004211712_n.jpg\" class=\"c6\"\/><img decoding=\"async\" alt=\"\" src=\"\/data\/upload\/83214318_537198650217245_1910855156426080256_n.jpg\" class=\"c7\"\/><img decoding=\"async\" alt=\"\" src=\"\/data\/upload\/84065055_559591811438237_8584834838027042816_n.jpg\" class=\"c8\"\/><img decoding=\"async\" alt=\"\" src=\"\/data\/upload\/82932017_178087716772276_2810107925366833152_n.jpg\" class=\"c9\"\/><\/p>\n<\/div>\n<p>Auteur:<br \/>\n<a href=\"https:\/\/www.liberte-algerie.com\/actualite\/la-plateforme-proposee-pour-laboutissement-de-la-revolution-332610\">Cliquez ici pour lire l&rsquo;article depuis sa source.<\/a><\/p>\n","protected":false},"excerpt":{"rendered":"<p>Les assises des forces du Pacte pour l\u2019alternative d\u00e9mocratique (PAD) ont d\u00e9but\u00e9, ce samedi, au si\u00e8ge national du Rassemblement pour la culture et la d\u00e9mocratie (RCD), situ\u00e9 \u00e0 El Biar, sur les hauteurs d\u2019Alger. En effet, les assises qui devaient avoir lieu \u00e0 la SAFEX se sont finalement tenues au si\u00e8ge du RCD, suite au [&hellip;]<\/p>\n","protected":false},"author":1742,"featured_media":74095,"comment_status":"closed","ping_status":"closed","sticky":false,"template":"","format":"standard","meta":{"fifu_image_url":"","fifu_image_alt":"","footnotes":""},"categories":[73,53],"tags":[],"class_list":["post-74094","post","type-post","status-publish","format-standard","has-post-thumbnail","hentry","category-actualite","category-algerie"],"_links":{"self":[{"href":"https:\/\/linitiative.ca\/International\/wp-json\/wp\/v2\/posts\/74094","targetHints":{"allow":["GET"]}}],"collection":[{"href":"https:\/\/linitiative.ca\/International\/wp-json\/wp\/v2\/posts"}],"about":[{"href":"https:\/\/linitiative.ca\/International\/wp-json\/wp\/v2\/types\/post"}],"author":[{"embeddable":true,"href":"https:\/\/linitiative.ca\/International\/wp-json\/wp\/v2\/users\/1742"}],"replies":[{"embeddable":true,"href":"https:\/\/linitiative.ca\/International\/wp-json\/wp\/v2\/comments?post=74094"}],"version-history":[{"count":0,"href":"https:\/\/linitiative.ca\/International\/wp-json\/wp\/v2\/posts\/74094\/revisions"}],"wp:featuredmedia":[{"embeddable":true,"href":"https:\/\/linitiative.ca\/International\/wp-json\/"}],"wp:attachment":[{"href":"https:\/\/linitiative.ca\/International\/wp-json\/wp\/v2\/media?parent=74094"}],"wp:term":[{"taxonomy":"category","embeddable":true,"href":"https:\/\/linitiative.ca\/International\/wp-json\/wp\/v2\/categories?post=74094"},{"taxonomy":"post_tag","embeddable":true,"href":"https:\/\/linitiative.ca\/International\/wp-json\/wp\/v2\/tags?post=74094"}],"curies":[{"name":"wp","href":"https:\/\/api.w.org\/{rel}","templated":true}]}}