{"id":74097,"date":"2020-01-24T17:53:57","date_gmt":"2020-01-24T22:53:57","guid":{"rendered":"https:\/\/linitiative.ca\/International\/activation-dune-convention-de-partenariat-dediee-aux-pme\/"},"modified":"2020-01-24T17:53:57","modified_gmt":"2020-01-24T22:53:57","slug":"activation-dune-convention-de-partenariat-dediee-aux-pme","status":"publish","type":"post","link":"https:\/\/linitiative.ca\/International\/activation-dune-convention-de-partenariat-dediee-aux-pme\/","title":{"rendered":"Activation d\u2019une convention de partenariat d\u00e9di\u00e9e aux PME"},"content":{"rendered":"<div readability=\"35\">\n<p>Safi \u2013 Une c\u00e9r\u00e9monie d\u00e9di\u00e9e \u00e0 l\u2019activation du contenu d\u2019une convention de partenariat visant \u00e0 promouvoir les petites entreprises et \u00e0 assureur leur meilleur accompagnement en vue de renforcer leur contribution au tissu \u00e9conomique au niveau provincial, a \u00e9t\u00e9 sign\u00e9e jeudi \u00e0 Safi.<\/p>\n<\/div>\n<div readability=\"99\">\n<p>Cette convention, qui s\u2019inscrit dans le cadre du d\u00e9ploiement du programme d\u2019accompagnement m\u00e9tiers \u00ab\u00a0Nawat\u00a0\u00bb mis en oeuvre par l\u2019Agence Nationale pour la Promotion de la petite et moyenne entreprise (Agence Maroc PME) et la Coop\u00e9ration Allemande (GIZ), devra permettre d\u2019accompagner 300 petites entreprises op\u00e9rant dans les secteurs industriel, touristique et de transformation.<\/p>\n<p>Cet accord fait partie d\u2019un lot de 19 conventions de partenariat sign\u00e9es, jeudi dernier \u00e0 Rabat, entre la coop\u00e9ration allemande GIZ et des associations actives dans le domaine de l\u2019entrepreneuriat lors d\u2019une c\u00e9r\u00e9monie initi\u00e9e par l\u2019Agence nationale pour la promotion de la petite et moyenne entreprise, rappelle-t-on.<\/p>\n<p>La C\u00e9r\u00e9monie organis\u00e9e \u00e0 Safi pour l\u2019activation et la mise en oeuvre de cette convention, a \u00e9t\u00e9 rehauss\u00e9e par la pr\u00e9sence du directeur G\u00e9n\u00e9ral de l\u2019Agence Maroc-PME, Hassan Arejdal, et de la Conseill\u00e8re technique principale du programme d\u2019Appui aux tr\u00e8s petites, petites et moyennes entreprises TAM III de la GIZ, Mme Angelika Frei-Oldenburg.<\/p>\n<p>S\u2019exprimant \u00e0 cette occasion, M. Hassan Essaadouni pr\u00e9sident de l\u2019association \u00ab\u00a0Safi Moubadara\u00a0\u00bb, signataire de ladite convention, a mis en avant la pertinence de ce partenariat qui sert de \u00ab\u00a0plateforme\u00a0\u00bb pour cr\u00e9er localement de la valeur ajout\u00e9e et permettre l\u2019\u00e9mergence d\u2019une nouvelle g\u00e9n\u00e9ration de jeunes entrepreneurs \u00e0 m\u00eame d\u2019\u00e9riger les petites entreprises en acteurs essentiels au niveau de la province dans nombre de domaines.<\/p>\n<p>Par la m\u00eame occasion, il a insist\u00e9 sur l\u2019importance de proc\u00e9der \u00e0 une r\u00e9organisation des activit\u00e9s des entreprises et leur orientation vers les secteurs exportateurs dans lesquels le Maroc dispose de moult avantages incitatifs \u00e0 l\u2019investissement et \u00e0 la cr\u00e9ation de richesses.<\/p>\n<p>De son c\u00f4t\u00e9, Mme Frei-Oldenburg a lou\u00e9 la dynamique entrepreneuriale aux niveaux national et r\u00e9gional, notant que la GIZ pr\u00e9sentera, via cette convention, l\u2019appui et l\u2019accompagnement n\u00e9cessaires au profit des entrepreneurs et des porteurs de projets en vue de promouvoir le climat des affaires dans le Royaume.<\/p>\n<p>Et de faire observer qu\u2019il sera proc\u00e9d\u00e9 \u00e0 la g\u00e9n\u00e9ralisation du programme d\u2019accompagnement m\u00e9tiers \u00ab\u00a0Nawat\u00a0\u00bb au niveau des diff\u00e9rentes r\u00e9gions du Maroc et ce, dans l\u2019optique de mieux r\u00e9pondre aux besoins des PME, de renforcer leur place dans le processus de d\u00e9veloppement \u00e9conomique national et de contribuer \u00e0 la cr\u00e9ation des opportunit\u00e9s d\u2019emploi.<\/p>\n<p>Le programme \u00ab\u00a0Nawat\u00a0\u00bb, rappelle-t-on, se base sur l\u2019approche \u00ab\u00a0Nucleus\u00a0\u00bb d\u00e9velopp\u00e9e, il y a pr\u00e8s de 30 ans, par la GIZ au Br\u00e9sil et mise en place avec succ\u00e8s dans de nombreux pays \u00e0 travers le monde et qui repose sur la constitution de groupes d\u2019entrepreneurs d\u2019un m\u00eame m\u00e9tier ou secteur \u00e9conomique dans l\u2019objectif d\u2019identifier les probl\u00e9matiques communes et d\u2019\u00e9laborer des plans d\u2019action conjoints.<\/p>\n<p>Il s\u2019agit d\u2019un levier important pour le d\u00e9veloppement socio-\u00e9conomique des territoires permettant l\u2019am\u00e9lioration de la comp\u00e9titivit\u00e9 des auto-entrepreneurs et des porteurs de projets et la diversification de leur march\u00e9 \u00e0 travers la mise en r\u00e9seau des chefs d\u2019entreprises et le partage d\u2019exp\u00e9riences.<\/p>\n<\/div>\n<p>Auteur: Meriem IGASS<br \/>\n<a href=\"http:\/\/www.mapmarrakech.ma\/fr\/activation-dune-convention-de-partenariat-dediee-aux-pme\/\">Cliquez ici pour lire l&rsquo;article depuis sa source.<\/a><\/p>\n","protected":false},"excerpt":{"rendered":"<p>Safi \u2013 Une c\u00e9r\u00e9monie d\u00e9di\u00e9e \u00e0 l\u2019activation du contenu d\u2019une convention de partenariat visant \u00e0 promouvoir les petites entreprises et \u00e0 assureur leur meilleur accompagnement en vue de renforcer leur contribution au tissu \u00e9conomique au niveau provincial, a \u00e9t\u00e9 sign\u00e9e jeudi \u00e0 Safi. Cette convention, qui s\u2019inscrit dans le cadre du d\u00e9ploiement du programme d\u2019accompagnement [&hellip;]<\/p>\n","protected":false},"author":1788,"featured_media":0,"comment_status":"closed","ping_status":"closed","sticky":false,"template":"","format":"standard","meta":{"fifu_image_url":"","fifu_image_alt":"","footnotes":""},"categories":[54,76],"tags":[],"class_list":["post-74097","post","type-post","status-publish","format-standard","hentry","category-maroc","category-regions"],"_links":{"self":[{"href":"https:\/\/linitiative.ca\/International\/wp-json\/wp\/v2\/posts\/74097","targetHints":{"allow":["GET"]}}],"collection":[{"href":"https:\/\/linitiative.ca\/International\/wp-json\/wp\/v2\/posts"}],"about":[{"href":"https:\/\/linitiative.ca\/International\/wp-json\/wp\/v2\/types\/post"}],"author":[{"embeddable":true,"href":"https:\/\/linitiative.ca\/International\/wp-json\/wp\/v2\/users\/1788"}],"replies":[{"embeddable":true,"href":"https:\/\/linitiative.ca\/International\/wp-json\/wp\/v2\/comments?post=74097"}],"version-history":[{"count":0,"href":"https:\/\/linitiative.ca\/International\/wp-json\/wp\/v2\/posts\/74097\/revisions"}],"wp:attachment":[{"href":"https:\/\/linitiative.ca\/International\/wp-json\/wp\/v2\/media?parent=74097"}],"wp:term":[{"taxonomy":"category","embeddable":true,"href":"https:\/\/linitiative.ca\/International\/wp-json\/wp\/v2\/categories?post=74097"},{"taxonomy":"post_tag","embeddable":true,"href":"https:\/\/linitiative.ca\/International\/wp-json\/wp\/v2\/tags?post=74097"}],"curies":[{"name":"wp","href":"https:\/\/api.w.org\/{rel}","templated":true}]}}