{"id":74099,"date":"2020-01-24T19:08:11","date_gmt":"2020-01-25T00:08:11","guid":{"rendered":"https:\/\/linitiative.ca\/International\/focus-sur-la-place-du-sport-dans-le-developpement-de-la-cooperation\/"},"modified":"2020-01-24T19:08:11","modified_gmt":"2020-01-25T00:08:11","slug":"focus-sur-la-place-du-sport-dans-le-developpement-de-la-cooperation","status":"publish","type":"post","link":"https:\/\/linitiative.ca\/International\/focus-sur-la-place-du-sport-dans-le-developpement-de-la-cooperation\/","title":{"rendered":"Focus sur la place du sport dans le d\u00e9veloppement de la coop\u00e9ration"},"content":{"rendered":"<div readability=\"38\">\n<p>Marrakech \u2013 La place du sport dans le d\u00e9veloppement de la coop\u00e9ration internationale, a \u00e9t\u00e9 au coeur des d\u00e9bats lors d\u2019une conf\u00e9rence organis\u00e9e, vendredi \u00e0 Marrakech, dans le cadre de la 31\u00e8 \u00e9dition du Marathon international de Marrakech (MIM) qui se tiendra le 26 janvier courant dans la cit\u00e9 ocre.<\/p>\n<\/div>\n<div readability=\"110\">\n<p>Rehauss\u00e9e par la pr\u00e9sence d\u2019un ar\u00e9opage de conf\u00e9renciers marocains et fran\u00e7ais qui ont partag\u00e9 leurs exp\u00e9riences avec les participants, cette rencontre a offert l\u2019opportunit\u00e9 pour renforcer les liens franco-marocains par le biais du sport.<\/p>\n<p>Quatre th\u00e8mes ont \u00e9t\u00e9 abord\u00e9s lors de cette rencontre \u00e0 savoir : \u00ab\u00a0la coop\u00e9ration institutionnelle en particulier avec les collectivit\u00e9s territoriales\u00a0\u00bb, \u00ab\u00a0la coop\u00e9ration universitaire\u00a0\u00bb, \u00ab\u00a0la coop\u00e9ration et l\u2019engagement estudiantin\u00a0\u00bb et \u00ab\u00a0la coop\u00e9ration associative\u00a0\u00bb.<\/p>\n<p>S\u2019exprimant \u00e0 cette occasion, M. Mohamed Knidiri, pr\u00e9sident de l\u2019Association Grand Atlas (AGA), initiatrice du MIM, a fait savoir que le Marathon de Marrakech se veut un vrai espace de rassemblement et d\u2019\u00e9changes entre tous les acteurs et passionn\u00e9s du sport.<\/p>\n<p>Dans ce cadre, il a indiqu\u00e9 que \u00ab\u00a0cette manifestation sportive contribuera, sans nul doute, \u00e0 f\u00e9d\u00e9rer tous les acteurs autour d\u2019un levier \u00e9conomique, \u00e0 m\u00eame de contribuer au d\u00e9veloppement et au rayonnement de nos diff\u00e9rents territoires\u00a0\u00bb.<\/p>\n<p>\u00ab\u00a0Le sport permet de favoriser la coop\u00e9ration internationale et le rapprochement entre les peuples\u00a0\u00bb, a-t-il dit, relevant que le MIM permet de rapprocher la M\u00e9diterran\u00e9e, l\u2019Europe et l\u2019Afrique.<\/p>\n<p>Pour sa part, le vice-pr\u00e9sident du Grand Nancy (France), Eric Pensalfini, a relev\u00e9 que le sport g\u00e9n\u00e8re des relations humaines solides notamment, \u00e0 une \u00e8re marqu\u00e9e par la prolif\u00e9ration des tensions de tout genre.<\/p>\n<p>Le pr\u00e9sident de l\u2019Association internationale des marathons et des courses de distance (AIMS), Paco Borao, a soulign\u00e9; de son c\u00f4t\u00e9, que le sport fait partie int\u00e9grante de la culture et repr\u00e9sente ainsi un outil indispensable pour la formation des jeunes.<\/p>\n<p>\u00ab\u00a0L\u2019athl\u00e9tisme est un sport objectif par excellence dans la mesure o\u00f9, il est la pi\u00e8ce fondamentale de l\u2019esprit sportif\u00a0\u00bb, a-t-il estim\u00e9, notant que l\u2019\u00e9preuve du Marathon est consid\u00e9r\u00e9e comme \u00ab\u00a0la reine des Jeux Olympiques\u00a0\u00bb.<\/p>\n<p>Le journaliste sportif et sp\u00e9cialiste des JO, Dominique Roudy a mis l\u2019accent, quant \u00e0 lui, sur la convivialit\u00e9 qui caract\u00e9rise l\u2019\u00e9preuve du Marathon, relevant que les animations, qui accompagnent cette comp\u00e9tition sportive contribuent \u00e0 renforcer son attractivit\u00e9.<\/p>\n<p>Le pr\u00e9sident de l\u2019Association CESAM, Mohamed Marrakchi, a relev\u00e9, quant \u00e0 lui, que l\u2019engagement de ladite association aupr\u00e8s des \u00e9tudiants marocains sera renforc\u00e9 gr\u00e2ce \u00e0 l\u2019implication de ces derniers, dans l\u2019organisation et la pr\u00e9paration d\u2019une \u00e9tude sur l\u2019impact de la communication sur le marathon.<\/p>\n<p>Cette rencontre a \u00e9t\u00e9 organis\u00e9e par l\u2019Association Grand Atlas, en partenariat avec l\u2019association CESAM, rappelle-t-on.<\/p>\n<\/div>\n<p>Auteur: Meriem IGASS<br \/>\n<a href=\"http:\/\/www.mapmarrakech.ma\/fr\/sport\/\">Cliquez ici pour lire l&rsquo;article depuis sa source.<\/a><\/p>\n","protected":false},"excerpt":{"rendered":"<p>Marrakech \u2013 La place du sport dans le d\u00e9veloppement de la coop\u00e9ration internationale, a \u00e9t\u00e9 au coeur des d\u00e9bats lors d\u2019une conf\u00e9rence organis\u00e9e, vendredi \u00e0 Marrakech, dans le cadre de la 31\u00e8 \u00e9dition du Marathon international de Marrakech (MIM) qui se tiendra le 26 janvier courant dans la cit\u00e9 ocre. Rehauss\u00e9e par la pr\u00e9sence d\u2019un [&hellip;]<\/p>\n","protected":false},"author":1788,"featured_media":0,"comment_status":"closed","ping_status":"closed","sticky":false,"template":"","format":"standard","meta":{"fifu_image_url":"","fifu_image_alt":"","footnotes":""},"categories":[54,76],"tags":[],"class_list":["post-74099","post","type-post","status-publish","format-standard","hentry","category-maroc","category-regions"],"_links":{"self":[{"href":"https:\/\/linitiative.ca\/International\/wp-json\/wp\/v2\/posts\/74099","targetHints":{"allow":["GET"]}}],"collection":[{"href":"https:\/\/linitiative.ca\/International\/wp-json\/wp\/v2\/posts"}],"about":[{"href":"https:\/\/linitiative.ca\/International\/wp-json\/wp\/v2\/types\/post"}],"author":[{"embeddable":true,"href":"https:\/\/linitiative.ca\/International\/wp-json\/wp\/v2\/users\/1788"}],"replies":[{"embeddable":true,"href":"https:\/\/linitiative.ca\/International\/wp-json\/wp\/v2\/comments?post=74099"}],"version-history":[{"count":0,"href":"https:\/\/linitiative.ca\/International\/wp-json\/wp\/v2\/posts\/74099\/revisions"}],"wp:attachment":[{"href":"https:\/\/linitiative.ca\/International\/wp-json\/wp\/v2\/media?parent=74099"}],"wp:term":[{"taxonomy":"category","embeddable":true,"href":"https:\/\/linitiative.ca\/International\/wp-json\/wp\/v2\/categories?post=74099"},{"taxonomy":"post_tag","embeddable":true,"href":"https:\/\/linitiative.ca\/International\/wp-json\/wp\/v2\/tags?post=74099"}],"curies":[{"name":"wp","href":"https:\/\/api.w.org\/{rel}","templated":true}]}}