{"id":74100,"date":"2020-01-24T19:13:45","date_gmt":"2020-01-25T00:13:45","guid":{"rendered":"https:\/\/linitiative.ca\/International\/ouverture-de-luniversite-de-formation-de-la-jeunesse-scolaire\/"},"modified":"2020-01-24T19:13:45","modified_gmt":"2020-01-25T00:13:45","slug":"ouverture-de-luniversite-de-formation-de-la-jeunesse-scolaire","status":"publish","type":"post","link":"https:\/\/linitiative.ca\/International\/ouverture-de-luniversite-de-formation-de-la-jeunesse-scolaire\/","title":{"rendered":"Ouverture de l\u2019Universit\u00e9 de formation de la jeunesse scolaire"},"content":{"rendered":"<div readability=\"37\">\n<p>Marrakech \u2013 Les travaux de l\u2019Universit\u00e9 nationale de formation de la jeunesse scolaire se sont ouverts, vendredi \u00e0 Marrakech, sous le th\u00e8me \u00ab\u00a0Le d\u00e9veloppement culturel, une locomotive du d\u00e9veloppement socio-\u00e9conomique\u00a0\u00bb.<\/p>\n<\/div>\n<div readability=\"103\">\n<p>Cette rencontre qui se poursuit jusqu\u2019au 26 janvier, d\u00e9battra de la r\u00e9alit\u00e9 du syst\u00e8me d\u2019enseignement national, ainsi que plusieurs questions int\u00e9ressant l\u2019apprenant en premier lieu, outre les nouveaut\u00e9s du secteur de l\u2019\u00e9ducation et de l\u2019enseignement.<\/p>\n<p>Intervenant \u00e0 cette occasion, le secr\u00e9taire g\u00e9n\u00e9ral de l\u2019Organisation de la jeunesse istiqlalienne, Othmane Tarmounia, a relev\u00e9 que le choix du d\u00e9veloppement culturel comme slogan de cette \u00e9dition, provient de la prise de conscience de l\u2019importance du volet culturel comme pr\u00e9lude \u00e0 tout d\u00e9veloppement int\u00e9gr\u00e9 et multidimensionnel.<\/p>\n<p>La prise en compte du c\u00f4t\u00e9 culturel comme locomotive pour la r\u00e9alisation du d\u00e9veloppement socio-\u00e9conomique permettra de prendre en consid\u00e9ration les sp\u00e9cificit\u00e9s locales de toute soci\u00e9t\u00e9 et d\u2019\u00e9loigner les mod\u00e8les pr\u00e9\u00e9tablis import\u00e9s qui avortent le d\u00e9veloppement d\u00e8s ses d\u00e9buts\u00a0\u00bb, a-t-il expliqu\u00e9, notant que les contenus des programmes scolaires adapt\u00e9s culturellement permet d\u2019am\u00e9liorer la qualit\u00e9 de l\u2019enseignement et la construction d\u2019une citoyennet\u00e9 bas\u00e9e sur l\u2019identit\u00e9 collective de la soci\u00e9t\u00e9.<\/p>\n<p>M.Tarmounia a, en outre, soulign\u00e9 que l\u2019\u00e9chec de certains programmes de d\u00e9veloppement est d\u00fb \u00e0 la non-int\u00e9gration des sp\u00e9cificit\u00e9s culturelles dans le d\u00e9veloppement et l\u2019absence de la qualification du capital humain sans lequel on ne peut pr\u00e9tendre \u00e0 une prosp\u00e9rit\u00e9 \u00e9conomique.<\/p>\n<p>Le secr\u00e9taire g\u00e9n\u00e9ral de la F\u00e9d\u00e9ration autonome de l\u2019enseignement, Youssef\u00a0 Allakouch, a pour sa part, indiqu\u00e9 que les exigences des temps modernes imposent de porter une attention croissante \u00e0 la vie scolaire vu son r\u00f4le dans la promotion de l\u2019ouverture des \u00e9l\u00e8ves sur leur environnement et le renforcement de leur participation en tant qu\u2019acteurs conscients des pr\u00e9occupations de leur soci\u00e9t\u00e9.<\/p>\n<p>Il a soulign\u00e9 que l\u2019organisation de l\u2019Universit\u00e9 de nationale de formation de la jeunesse scolaire \u00e0 Marrakech s\u2019inscrit dans le cadre de la dynamique que conna\u00eet la jeunesse scolaire au niveau national et en parach\u00e8vement du processus de formation que l\u2019association a adopt\u00e9 vu l\u2019importance de l\u2019encadrement et la formation dans la construction de la personnalit\u00e9 des \u00e9l\u00e8ves.<\/p>\n<p>La s\u00e9ance d\u2019ouverture a \u00e9t\u00e9 marqu\u00e9e par un hommage posthume \u00e0 M\u2019hamed Boucetta, l\u2019une des figures ayant marqu\u00e9 de son empreinte l\u2019histoire du Maroc moderne et contribu\u00e9 \u00e0 l\u2019\u00e9dification de l\u2019Etat moderne.<\/p>\n<p>A cette occasion, le fils du d\u00e9funt, Ahmed Khalil Boucetta, a pass\u00e9 en revue les principales \u00e9tapes qui ont marqu\u00e9 la carri\u00e8re politique et partisane de M\u2019Hamed Boucetta, en tant que militant politique et homme d\u2019Etat engag\u00e9 au service des causes de son pays et la d\u00e9fense de ses int\u00e9r\u00eats supr\u00eames.<\/p>\n<p>Au programme de cette rencontre figurent une s\u00e9ance ax\u00e9e sur le parcours de M\u2019Hamed Boucetta, et une autre session portant sur \u00ab\u00a0les mutations de la soci\u00e9t\u00e9 marocaine et la question de la culture\u00a0\u00bb.<\/p>\n<p>Le programme comprend aussi un concert \u00e9ducatif et artistique ainsi que des hommages rendus aux pionniers de la jeunesse scolaire et l\u2019organisation d\u2019ateliers th\u00e9matiques.<\/p>\n<p>L\u2019association de la jeunesse scolaire, affili\u00e9e du Parti de l\u2019Istiqlal, s\u2019int\u00e9resse aux questions se rapportant aux \u00e9l\u00e8ves marocains, \u00e0 travers l\u2019\u00e9tude de toutes les probl\u00e9matiques \u00e9ducatives relatives aux politiques \u00e9ducatives, l\u2019encadrement des conf\u00e9rences et des rencontres estivales et l\u2019organisation des ateliers de b\u00e9n\u00e9volat dans les domaines sociaux.<\/p>\n<\/div>\n<p>Auteur: Meriem IGASS<br \/>\n<a href=\"http:\/\/www.mapmarrakech.ma\/fr\/ouverture-de-luniversite-de-formation-de-la-jeunesse-scolaire\/\">Cliquez ici pour lire l&rsquo;article depuis sa source.<\/a><\/p>\n","protected":false},"excerpt":{"rendered":"<p>Marrakech \u2013 Les travaux de l\u2019Universit\u00e9 nationale de formation de la jeunesse scolaire se sont ouverts, vendredi \u00e0 Marrakech, sous le th\u00e8me \u00ab\u00a0Le d\u00e9veloppement culturel, une locomotive du d\u00e9veloppement socio-\u00e9conomique\u00a0\u00bb. Cette rencontre qui se poursuit jusqu\u2019au 26 janvier, d\u00e9battra de la r\u00e9alit\u00e9 du syst\u00e8me d\u2019enseignement national, ainsi que plusieurs questions int\u00e9ressant l\u2019apprenant en premier lieu, [&hellip;]<\/p>\n","protected":false},"author":1788,"featured_media":0,"comment_status":"closed","ping_status":"closed","sticky":false,"template":"","format":"standard","meta":{"fifu_image_url":"","fifu_image_alt":"","footnotes":""},"categories":[54,76],"tags":[],"class_list":["post-74100","post","type-post","status-publish","format-standard","hentry","category-maroc","category-regions"],"_links":{"self":[{"href":"https:\/\/linitiative.ca\/International\/wp-json\/wp\/v2\/posts\/74100","targetHints":{"allow":["GET"]}}],"collection":[{"href":"https:\/\/linitiative.ca\/International\/wp-json\/wp\/v2\/posts"}],"about":[{"href":"https:\/\/linitiative.ca\/International\/wp-json\/wp\/v2\/types\/post"}],"author":[{"embeddable":true,"href":"https:\/\/linitiative.ca\/International\/wp-json\/wp\/v2\/users\/1788"}],"replies":[{"embeddable":true,"href":"https:\/\/linitiative.ca\/International\/wp-json\/wp\/v2\/comments?post=74100"}],"version-history":[{"count":0,"href":"https:\/\/linitiative.ca\/International\/wp-json\/wp\/v2\/posts\/74100\/revisions"}],"wp:attachment":[{"href":"https:\/\/linitiative.ca\/International\/wp-json\/wp\/v2\/media?parent=74100"}],"wp:term":[{"taxonomy":"category","embeddable":true,"href":"https:\/\/linitiative.ca\/International\/wp-json\/wp\/v2\/categories?post=74100"},{"taxonomy":"post_tag","embeddable":true,"href":"https:\/\/linitiative.ca\/International\/wp-json\/wp\/v2\/tags?post=74100"}],"curies":[{"name":"wp","href":"https:\/\/api.w.org\/{rel}","templated":true}]}}