{"id":74101,"date":"2020-01-25T06:32:56","date_gmt":"2020-01-25T11:32:56","guid":{"rendered":"https:\/\/linitiative.ca\/International\/le-modele-de-developpement-doit-accorder-une-importance-a-la-jeunesse\/"},"modified":"2020-01-25T06:32:56","modified_gmt":"2020-01-25T11:32:56","slug":"le-modele-de-developpement-doit-accorder-une-importance-a-la-jeunesse","status":"publish","type":"post","link":"https:\/\/linitiative.ca\/International\/le-modele-de-developpement-doit-accorder-une-importance-a-la-jeunesse\/","title":{"rendered":"Le mod\u00e8le de d\u00e9veloppement doit accorder une importance \u00e0 la jeunesse"},"content":{"rendered":"<div readability=\"39\">\n<p>Marrakech \u2013 Le nouveau mod\u00e8le de d\u00e9veloppement souhait\u00e9 est appel\u00e9 \u00e0 accorder une importance cruciale \u00e0 la jeunesse en tant que principal levier sur lequel repose le renouvellement du Maroc et son d\u00e9veloppement, a soulign\u00e9, vendredi soir \u00e0 Marrakech, le secr\u00e9taire g\u00e9n\u00e9ral du parti de l\u2019Istiqlal, Nizar Baraka.<\/p>\n<\/div>\n<div readability=\"114\">\n<p>\u00ab\u00a0Le nouveau mod\u00e8le de d\u00e9veloppement est appel\u00e9 \u00e0 placer la jeunesse au coeur de la dynamique de changement, sachant que les enjeux actuels au Maroc reposent sur cette frange sociale qui aura pour t\u00e2che l\u2019\u00e9dification de la soci\u00e9t\u00e9 de demain\u00a0\u00bb, a d\u00e9clar\u00e9 \u00e0 la MAP, M. Baraka en marge de l\u2019ouverture des travaux de l\u2019Universit\u00e9 nationale de formation de la jeunesse scolaire, initi\u00e9e sous le th\u00e8me \u00ab\u00a0le d\u00e9veloppement culturel, locomotive du d\u00e9veloppement social et \u00e9conomique\u00a0\u00bb.<\/p>\n<p>Et de poursuivre que la consolidation de l\u2019\u00e9l\u00e9ment humain sera le socle de ce mod\u00e8le \u00e0 travers un int\u00e9r\u00eat particulier pour trois aspects concernant l\u2019\u00e9ducation, l\u2019enseignement et l\u2019\u00e9largissement des valeurs positives, et la lib\u00e9ration des \u00e9nergies afin de permettre aux jeunes de s\u2019inscrire dans le processus de d\u00e9veloppement, tout en les associant \u00e0 la cr\u00e9ation de la richesse.<\/p>\n<p>M. Baraka a pr\u00e9cis\u00e9 que le Parti de l\u2019Istiqlal a pr\u00e9sent\u00e9 sa conception concernant le nouveau mod\u00e8le de d\u00e9veloppement, notant qu\u2019elle pr\u00e9conise de tirer profit des cumuls positifs et de rompre de mani\u00e8re effective avec la politique de \u00ab\u00a0rente et des privil\u00e8ges\u00a0\u00bb, de lutter contre la corruption et de consolider l\u2019action d\u00e9mocratique \u00e0 travers la r\u00e9habilitation de la chose politique, tout en veillant \u00e0 la mise en application de la r\u00e9gionalisation avanc\u00e9e et \u00e0 sa concr\u00e9tisation effective sur le terrain.<\/p>\n<p>Et de faire observer que la traduction de cette conception dans les faits passe n\u00e9cessairement par la concr\u00e9tisation d\u2019un contrat social \u00e0 m\u00eame de permettre de d\u00e9passer \u00ab\u00a0la crise de confiance\u00a0\u00bb install\u00e9e entre le citoyen et l\u2019acteur politique et d\u2019insuffler une nouvelle dynamique \u00e0 la vie politique.<\/p>\n<p>Afin d\u2019atteindre cette fin, a estim\u00e9 M. Baraka, il est indispensable d\u2019oeuvrer en vue de r\u00e9aliser une nouvelle renaissance culturelle, \u00e9tant donn\u00e9 que la culture renforce l\u2019unit\u00e9 nationale et promeut l\u2019esprit d\u2019appartenance \u00e0 la patrie, outre son r\u00f4le de taille dans la lib\u00e9ration de la r\u00e9flexion et des capacit\u00e9s et la cons\u00e9cration de la coh\u00e9sion sociale.<\/p>\n<p>Sur un autre registre, il a fait savoir que cette rencontre organis\u00e9e par l\u2019Association de la Jeunesse scolaire, plac\u00e9e sous l\u2019\u00e9gide du parti, s\u2019inscrit dans le cadre de la pr\u00e9paration du nouveau mod\u00e8le de d\u00e9veloppement, de m\u00eame qu\u2019elle offre l\u2019occasion aux jeunes d\u2019exprimer leurs points de vue au sujet du d\u00e9veloppement culturel et d\u2019examiner les moyens de lib\u00e9rer les esprits, d\u2019encourager la cr\u00e9ativit\u00e9 et de renforcer l\u2019esprit de citoyennet\u00e9 et d\u2019appartenance \u00e0 la m\u00e8re-patrie.<\/p>\n<p>M. Baraka a relev\u00e9, en outre, que \u00ab\u00a0les jeunes sont tenus actuellement de confirmer leur pr\u00e9sence en tant qu\u2019acteurs incontournables et une frange sociale de poids dans la conception des politiques publiques, \u00e9tant donn\u00e9 que l\u2019avenir du pays en d\u00e9pend particuli\u00e8rement pour pers\u00e9v\u00e9rer sur la voie du d\u00e9veloppement, du progr\u00e8s et de l\u2019\u00e9dification du Maroc de demain\u00a0\u00bb.<\/p>\n<p>Lors de cette rencontre de deux jours, les participants examineront la situation du syst\u00e8me d\u2019enseignement national, outre l\u2019ouverture d\u2019un d\u00e9bat autour de plusieurs questions se rapportant \u00e0 l\u2019\u00e9l\u00e8ve en premier lieu, et aux nouveaut\u00e9s concernant le secteur de l\u2019\u00e9ducation et de l\u2019enseignement de mani\u00e8re g\u00e9n\u00e9rale.<\/p>\n<p>Ce conclave permettra \u00e9galement de jeter la lumi\u00e8re sur certaines personnalit\u00e9s ayant marqu\u00e9 l\u2019histoire du Maroc par leur militantisme en faveur de la lib\u00e9ration de la patrie et leur contribution \u00e0 l\u2019\u00e9dification de l\u2019Etat moderne.<\/p>\n<p>Cette nouvelle \u00e9dition baptis\u00e9e \u00ab\u00a0Session Feu Mhamed Boucetta\u00a0\u00bb se propose de rendre un vibrant hommage \u00e0 ce grand militant politique et homme d\u2019Etat connu pour son engagement infaillible et sinc\u00e8re au service des causes nationales et de la d\u00e9fense des int\u00e9r\u00eats supr\u00eames de la Patrie.<\/p>\n<p>Au menu de cette rencontre figure une s\u00e9rie de sessions de r\u00e9flexion dont la premi\u00e8re autour de la biographie de Mhamed Boucetta en tant que \u00ab\u00a0leader politique et homme d\u2019Etat\u00a0\u00bb, et une seconde sur \u00ab\u00a0les changements de la soci\u00e9t\u00e9 marocaine et le questionnement de la culture\u00a0\u00bb.<\/p>\n<p>Cette rencontre sera aussi ponctu\u00e9e d\u2019une manifestation \u00e9ducative et artistique et d\u2019un hommage \u00e0 certaines figures de la jeunesse scolaire, outre l\u2019organisation d\u2019ateliers th\u00e9matiques.<\/p>\n<\/div>\n<p>Auteur: Meriem IGASS<br \/>\n<a href=\"http:\/\/www.mapmarrakech.ma\/fr\/le-modele-de-developpement-doit-accorder-une-importance-a-la-jeunesse\/\">Cliquez ici pour lire l&rsquo;article depuis sa source.<\/a><\/p>\n","protected":false},"excerpt":{"rendered":"<p>Marrakech \u2013 Le nouveau mod\u00e8le de d\u00e9veloppement souhait\u00e9 est appel\u00e9 \u00e0 accorder une importance cruciale \u00e0 la jeunesse en tant que principal levier sur lequel repose le renouvellement du Maroc et son d\u00e9veloppement, a soulign\u00e9, vendredi soir \u00e0 Marrakech, le secr\u00e9taire g\u00e9n\u00e9ral du parti de l\u2019Istiqlal, Nizar Baraka. \u00ab\u00a0Le nouveau mod\u00e8le de d\u00e9veloppement est appel\u00e9 [&hellip;]<\/p>\n","protected":false},"author":1788,"featured_media":0,"comment_status":"closed","ping_status":"closed","sticky":false,"template":"","format":"standard","meta":{"fifu_image_url":"","fifu_image_alt":"","footnotes":""},"categories":[54,76],"tags":[],"class_list":["post-74101","post","type-post","status-publish","format-standard","hentry","category-maroc","category-regions"],"_links":{"self":[{"href":"https:\/\/linitiative.ca\/International\/wp-json\/wp\/v2\/posts\/74101","targetHints":{"allow":["GET"]}}],"collection":[{"href":"https:\/\/linitiative.ca\/International\/wp-json\/wp\/v2\/posts"}],"about":[{"href":"https:\/\/linitiative.ca\/International\/wp-json\/wp\/v2\/types\/post"}],"author":[{"embeddable":true,"href":"https:\/\/linitiative.ca\/International\/wp-json\/wp\/v2\/users\/1788"}],"replies":[{"embeddable":true,"href":"https:\/\/linitiative.ca\/International\/wp-json\/wp\/v2\/comments?post=74101"}],"version-history":[{"count":0,"href":"https:\/\/linitiative.ca\/International\/wp-json\/wp\/v2\/posts\/74101\/revisions"}],"wp:attachment":[{"href":"https:\/\/linitiative.ca\/International\/wp-json\/wp\/v2\/media?parent=74101"}],"wp:term":[{"taxonomy":"category","embeddable":true,"href":"https:\/\/linitiative.ca\/International\/wp-json\/wp\/v2\/categories?post=74101"},{"taxonomy":"post_tag","embeddable":true,"href":"https:\/\/linitiative.ca\/International\/wp-json\/wp\/v2\/tags?post=74101"}],"curies":[{"name":"wp","href":"https:\/\/api.w.org\/{rel}","templated":true}]}}