{"id":74105,"date":"2020-01-25T11:59:08","date_gmt":"2020-01-25T16:59:08","guid":{"rendered":"https:\/\/linitiative.ca\/International\/invitation-du-musee-agricole-de-sidi-bel-abbes-en-grande-bretagne\/"},"modified":"2020-01-25T11:59:08","modified_gmt":"2020-01-25T16:59:08","slug":"invitation-du-musee-agricole-de-sidi-bel-abbes-en-grande-bretagne","status":"publish","type":"post","link":"https:\/\/linitiative.ca\/International\/invitation-du-musee-agricole-de-sidi-bel-abbes-en-grande-bretagne\/","title":{"rendered":"Invitation du mus\u00e9e agricole de Sidi Bel-Abb\u00e9s en Grande Bretagne"},"content":{"rendered":"<div readability=\"35\">\n<p><strong>ORAN- Le mus\u00e9e agricole de Sidi Bel Abb\u00e8s est invit\u00e9 \u00e0 prendre part \u00e0 la manifestation des mus\u00e9es universels qui se tiendra en mars prochain en Grande Bretagne a-t-on appris de son responsable, en marge du salon international de l\u2019agriculture qui a pris fin samedi \u00e0 Oran .<\/strong><\/p>\n<\/div>\n<div readability=\"70.483451015\">\n<p>Ghalem Sardi a indiqu\u00e9 que le mus\u00e9e agricole bas\u00e9 au rectorat de l\u2019universit\u00e9 de Sidi Bel-Abb\u00e8s \u00ab\u00a0Djillali Liab\u00e9s\u00a0\u00bb a re\u00e7u une invitation de l\u2019Association internationale des mus\u00e9es d&rsquo;agriculture pour prendre part \u00e0 la manifestation des mus\u00e9es universels pr\u00e9vu en Grande Bretagne en mars prochain.<\/p>\n<blockquote readability=\"12\">\n<p><em><strong>Cette participation du mus\u00e9e de Sidi Bel-Abb\u00e8s, reconnu au niveau de l\u2019Association internationale des mus\u00e9es d&rsquo;agriculture (AIMA) et de la F\u00e9d\u00e9ration des mus\u00e9es d\u2019agriculture et du patrimoine rural, permettra de pr\u00e9senter et faire conna\u00eetre cet espace premier du genre au niveau national et deuxi\u00e8me en Afrique, a soulign\u00e9 M. Sardi, l\u2019initiateur de la cr\u00e9ation de ce mus\u00e9e.<\/strong><\/em><\/p>\n<\/blockquote>\n<p>Cet \u00e9tablissement conserve plus de 17.000 pi\u00e8ces et dispose de trois divisions, la premi\u00e8re concernant les semences, les insectes et les feuilles, la deuxi\u00e8me est la maison de l\u2019agriculteur qui met en exergue le quotidien de l\u2019agriculteur ancien et la troisi\u00e8me est reserv\u00e9e aux diff\u00e9rents mat\u00e9riels utilis\u00e9s en agriculture dont les grands engins, a fait savoir cet agronome et universitaire.<\/p>\n<hr\/>\n<h3>Lire aussi: <a href=\"http:\/\/www.aps.dz\/economie\/100575-salon-de-l-agriculture-d-oran-des-demarches-pour-donner-une-impulsion-a-la-cuniculture\" target=\"_blank\" rel=\"noopener noreferrer\">Salon de l\u2019agriculture d\u2019Oran: des d\u00e9marches pour donner une impulsion \u00e0 la cuniculture<\/a><\/h3>\n<hr\/>\n<p>Cr\u00e9\u00e9 en 2004, ce mus\u00e9e draine de nombreux visiteurs dont des personnalit\u00e9s, des universitaires \u00e9trangers, des \u00e9tudiants et des \u00e9l\u00e8ves et organise \u00e0 travers les universit\u00e9s du pays des manifestations \u00e0 caract\u00e8re agricole.<\/p>\n<p>le m\u00eame intervenant a appel\u00e9 \u00e0 prendre en consid\u00e9ration ce mus\u00e9e dont le si\u00e8ge est exigu ne lui permettant pas d\u2019exposer et de jouer son r\u00f4le \u00e9ducatif surtout qu\u2019il est une destination des \u00e9l\u00e8ves.<\/p>\n<p>Le mus\u00e9e agricole de Sidi Bel-Abbes a accueilli lors de sa participation au Salon International de l&rsquo;agriculture d&rsquo;Oran, un grand nombre d&rsquo;\u00e9l\u00e8ves, de professeurs d&rsquo;universit\u00e9 et d&rsquo;\u00e9tudiants qui ont pris connaissance de ses collections et du merveilleux patrimoine documentant le d\u00e9veloppement de l&rsquo;agriculture en Alg\u00e9rie.<\/p>\n<p>La cinqui\u00e8me \u00e9dition de ce salon international de quatre jours, organis\u00e9e par l&rsquo;agence \u00ab\u00a0Exposium Events\u00a0\u00bb, a enregistr\u00e9 la participation d\u2019une cinquantaine d&rsquo;exposants alg\u00e9riens et une entreprise tunisienne et l&rsquo;affluence d&rsquo;environ 8.000 visiteurs, selon les organisateurs.<\/p>\n<\/div>\n<p>Auteur:<br \/>\n<a href=\"http:\/\/www.aps.dz\/regions\/100612-invitation-du-musee-agricole-de-sidi-bel-abbes-en-grande-bretagne\">Cliquez ici pour lire l&rsquo;article depuis sa source.<\/a><\/p>\n","protected":false},"excerpt":{"rendered":"<p>ORAN- Le mus\u00e9e agricole de Sidi Bel Abb\u00e8s est invit\u00e9 \u00e0 prendre part \u00e0 la manifestation des mus\u00e9es universels qui se tiendra en mars prochain en Grande Bretagne a-t-on appris de son responsable, en marge du salon international de l\u2019agriculture qui a pris fin samedi \u00e0 Oran . Ghalem Sardi a indiqu\u00e9 que le mus\u00e9e [&hellip;]<\/p>\n","protected":false},"author":1790,"featured_media":0,"comment_status":"closed","ping_status":"closed","sticky":false,"template":"","format":"standard","meta":{"fifu_image_url":"","fifu_image_alt":"","footnotes":""},"categories":[53,76],"tags":[],"class_list":["post-74105","post","type-post","status-publish","format-standard","hentry","category-algerie","category-regions"],"_links":{"self":[{"href":"https:\/\/linitiative.ca\/International\/wp-json\/wp\/v2\/posts\/74105","targetHints":{"allow":["GET"]}}],"collection":[{"href":"https:\/\/linitiative.ca\/International\/wp-json\/wp\/v2\/posts"}],"about":[{"href":"https:\/\/linitiative.ca\/International\/wp-json\/wp\/v2\/types\/post"}],"author":[{"embeddable":true,"href":"https:\/\/linitiative.ca\/International\/wp-json\/wp\/v2\/users\/1790"}],"replies":[{"embeddable":true,"href":"https:\/\/linitiative.ca\/International\/wp-json\/wp\/v2\/comments?post=74105"}],"version-history":[{"count":0,"href":"https:\/\/linitiative.ca\/International\/wp-json\/wp\/v2\/posts\/74105\/revisions"}],"wp:attachment":[{"href":"https:\/\/linitiative.ca\/International\/wp-json\/wp\/v2\/media?parent=74105"}],"wp:term":[{"taxonomy":"category","embeddable":true,"href":"https:\/\/linitiative.ca\/International\/wp-json\/wp\/v2\/categories?post=74105"},{"taxonomy":"post_tag","embeddable":true,"href":"https:\/\/linitiative.ca\/International\/wp-json\/wp\/v2\/tags?post=74105"}],"curies":[{"name":"wp","href":"https:\/\/api.w.org\/{rel}","templated":true}]}}