{"id":74106,"date":"2020-01-25T13:53:31","date_gmt":"2020-01-25T18:53:31","guid":{"rendered":"https:\/\/linitiative.ca\/International\/seisme-a-jijel-pas-de-pertes-humaines-ou-materielles\/"},"modified":"2020-01-25T13:53:31","modified_gmt":"2020-01-25T18:53:31","slug":"seisme-a-jijel-pas-de-pertes-humaines-ou-materielles","status":"publish","type":"post","link":"https:\/\/linitiative.ca\/International\/seisme-a-jijel-pas-de-pertes-humaines-ou-materielles\/","title":{"rendered":"S\u00e9isme \u00e0 Jijel : pas de pertes humaines ou mat\u00e9rielles"},"content":{"rendered":"<div readability=\"36\">\n<p><strong>JIJEL- Une commission de wilaya rassemblant les repr\u00e9sentants des divers secteurs a \u00e9t\u00e9 charg\u00e9e par le wali de Jijel, Bachir Far, de faire le point sur les cons\u00e9quences et d\u00e9g\u00e2ts enregistr\u00e9s cons\u00e9quemment au s\u00e9isme ayant frapp\u00e9 vendredi la r\u00e9gion d\u2019El Aouana.<\/strong><\/p>\n<\/div>\n<div readability=\"110.222222222\">\n<p>Le wali a pr\u00e9cis\u00e9, samedi \u00e0 l&rsquo;APS, avoir mis en place, imm\u00e9diatement apr\u00e8s le s\u00e9isme, une commission pr\u00e9sid\u00e9e par le secr\u00e9taire g\u00e9n\u00e9ral de wilaya et compos\u00e9e de cadres de divers secteurs dont la protection\u00a0 civile, Sonelgaz, la direction du logement et l\u2019OPGI qui s\u2019\u00e9tait rendu \u00e0 El Aouana (20 km \u00e0 l\u2019Ouest de Jijel) pour \u00e9tablir une rapport d\u00e9taill\u00e9 sur la situation et prendre les mesures qui s\u2019imposent.<\/p>\n<p>Les premiers rapports montrent, a pr\u00e9cis\u00e9 le chef de l\u2019ex\u00e9cutif local, bien qu\u2019aucune perte humaine ou mat\u00e9rielle n\u2019ait \u00e9t\u00e9 d\u00e9plor\u00e9e, des fissures relev\u00e9es dans six (60) hangars transform\u00e9s en habitations et dans l&rsquo;\u00e9cole primaire Boutaoui Tahar, au niveau de la cit\u00e9 \u00e9volutive Mor\u00e9as qui seront pris en charge d\u00e8s l\u2019ach\u00e8vement du travail de la commission et la remise de son rapport final. Il a en outre relev\u00e9 que les r\u00e9pliques du s\u00e9isme ont engendr\u00e9 un effet de \u00ab\u00a0panique\u00a0\u00bb chez la population.<\/p>\n<p>Concernant la situation des logements de la cit\u00e9 Tabrihat, dans la ville d\u2019El Milia (52 km de \u00e0 l\u2019Est de Jijel), ayant connu des glissements de terrain, le wali a assur\u00e9 que cette situation n\u2019a rien \u00e0 voir avec le s\u00e9isme, rappelant qu\u2019en 2010, 164 familles r\u00e9sidant dans cette cit\u00e9 ont \u00e9t\u00e9 relog\u00e9s et une autre op\u00e9ration similaire avait concern\u00e9, en d\u00e9cembre pass\u00e9, 20 autres familles habitant des immeubles class\u00e9es dans la cat\u00e9gorie \u00ab\u00a0rouge\u00a0\u00bb.<\/p>\n<hr\/>\n<h3>Lire aussi: <a href=\"http:\/\/www.aps.dz\/societe\/100589-seisme-a-jijel-les-ministres-de-l-interieur-et-de-la-solidarite-nationale-s-enquierent-de-la-situation\" target=\"_blank\" rel=\"noopener noreferrer\">S\u00e9isme \u00e0 Jijel: les ministres de l\u2019Int\u00e9rieur et de la Solidarit\u00e9 s&rsquo;enqui\u00e8rent de la situation<\/a><\/h3>\n<hr\/>\n<p>M.Far a \u00e9galement soulign\u00e9 que les services de wilaya ont saisi les services techniques comp\u00e9tents pour inspecter de nouveau les 166 autres habitations de la cit\u00e9 qui pr\u00e9sentaient des fissures mais ne figuraient pas dans la cat\u00e9gorie \u00ab\u00a0rouge\u00a0\u00bb en vue de prendre les mesures n\u00e9cessaires.<\/p>\n<p>Le wali a \u00e9galement rappel\u00e9 que depuis 2015, la wilaya de Jijel a \u00e9t\u00e9 secou\u00e9e par 27 tremblements de terre de magnitude allant de 2 \u00e0 4,9 sur l\u2019\u00e9chelle de Richter.<\/p>\n<p>De son c\u00f4t\u00e9, la charg\u00e9 de communication \u00e0 la direction de la protection civile, le lieutenant Ahlam Boumala, a indiqu\u00e9 que par mesures de pr\u00e9caution, 15 unit\u00e9s op\u00e9rationnelles locales et 17 autres dans les wilayas voisines ont \u00e9t\u00e9 plac\u00e9es en \u00e9tat d\u2019alerte, assurant qu\u2019aucun incident notable n\u2019a \u00e9t\u00e9 relev\u00e9.<\/p>\n<p>Le pr\u00e9sident de l\u2019APC d\u2019El Aouana, Merouane Boufenissa, a indiqu\u00e9 qu\u2019une commission de wilaya plurisectorielle incluant l\u2019organisme de contr\u00f4le technique de construction de Jijel et Bejaia est arriv\u00e9e samedi \u00e0 El Aouana et a inspect\u00e9 les hangars transform\u00e9s en habitations pour en \u00e9valuer les d\u00e9g\u00e2ts. Les membres de la commission se sont rendus \u00e9galement \u00e0 l\u2019\u00e9cole Boutaoui Tahar dont certains murs s\u2019\u00e9taient fissur\u00e9s puis vers les mechtas de la commune pour faire le constat de la situation y pr\u00e9valant.<\/p>\n<p>M.Boufenissa a indiqu\u00e9 que la population a \u00e9t\u00e9 prise de panique durant la nuit de vendredi \u00e0 samedi \u00e0 la suite des secousses dues aux r\u00e9pliques ayant suivi le s\u00e9isme poussant les habitants \u00e0 passer la nuit hors de leurs domiciles.<\/p>\n<hr\/>\n<h3>Lire aussi: <a href=\"http:\/\/www.aps.dz\/regions\/100579-seisme-a-jijel-immeubles-fissures-et-routes-affaissees-a-el-aouana\" target=\"_blank\" rel=\"noopener noreferrer\">S\u00e9isme \u00e0 Jijel: immeubles fissur\u00e9s et routes affaiss\u00e9es \u00e0 El Aouana<\/a><\/h3>\n<hr\/>\n<p>Mounir, un habitant de la cit\u00e9 30 logements \u00e0 El Aouana, a indiqu\u00e9 que les murs de sa maison se sont fissur\u00e9s et des parties du faux plafond et du soubassement se sont effondr\u00e9es le poussant \u00e0 passer la nuit dehors avec les autres membres de sa famille de crainte que leur maison ne s\u2019effondre.<\/p>\n<p>Il a \u00e9galement affirm\u00e9 que certains ont dress\u00e9 des tentes pour y passer la nuit. Nassim, trentenaire, a appel\u00e9 les autorit\u00e9s concern\u00e9es \u00e0 intervenir pour programmer leur relogement dans les plus proches d\u00e9lais, soutenant que le s\u00e9isme a suscit\u00e9 la panique et les cris parmi des familles du voisinage.<\/p>\n<p>Un tremblement de terre de magnitude 4.9 sur l&rsquo;\u00e9chelle ouverte de Richter a \u00e9t\u00e9 enregistr\u00e9 vendredi matin \u00e0 08H24MN dans la wilaya de Jijel, avait indiqu\u00e9 le Centre de Recherche en Astronomie, Astrophysique et G\u00e9ophysique (CRAAG), pr\u00e9cisant que l&rsquo;\u00e9picentre de la secousse a \u00e9t\u00e9 localis\u00e9 en mer \u00e0 5 km au Nord-est d&rsquo;El Aouana.<\/p>\n<\/div>\n<p>Auteur:<br \/>\n<a href=\"http:\/\/www.aps.dz\/regions\/100619-seisme-a-jijel-pas-de-pertes-humaines-ou-materielles\">Cliquez ici pour lire l&rsquo;article depuis sa source.<\/a><\/p>\n","protected":false},"excerpt":{"rendered":"<p>JIJEL- Une commission de wilaya rassemblant les repr\u00e9sentants des divers secteurs a \u00e9t\u00e9 charg\u00e9e par le wali de Jijel, Bachir Far, de faire le point sur les cons\u00e9quences et d\u00e9g\u00e2ts enregistr\u00e9s cons\u00e9quemment au s\u00e9isme ayant frapp\u00e9 vendredi la r\u00e9gion d\u2019El Aouana. Le wali a pr\u00e9cis\u00e9, samedi \u00e0 l&rsquo;APS, avoir mis en place, imm\u00e9diatement apr\u00e8s le [&hellip;]<\/p>\n","protected":false},"author":1790,"featured_media":0,"comment_status":"closed","ping_status":"closed","sticky":false,"template":"","format":"standard","meta":{"fifu_image_url":"","fifu_image_alt":"","footnotes":""},"categories":[53,76],"tags":[],"class_list":["post-74106","post","type-post","status-publish","format-standard","hentry","category-algerie","category-regions"],"_links":{"self":[{"href":"https:\/\/linitiative.ca\/International\/wp-json\/wp\/v2\/posts\/74106","targetHints":{"allow":["GET"]}}],"collection":[{"href":"https:\/\/linitiative.ca\/International\/wp-json\/wp\/v2\/posts"}],"about":[{"href":"https:\/\/linitiative.ca\/International\/wp-json\/wp\/v2\/types\/post"}],"author":[{"embeddable":true,"href":"https:\/\/linitiative.ca\/International\/wp-json\/wp\/v2\/users\/1790"}],"replies":[{"embeddable":true,"href":"https:\/\/linitiative.ca\/International\/wp-json\/wp\/v2\/comments?post=74106"}],"version-history":[{"count":0,"href":"https:\/\/linitiative.ca\/International\/wp-json\/wp\/v2\/posts\/74106\/revisions"}],"wp:attachment":[{"href":"https:\/\/linitiative.ca\/International\/wp-json\/wp\/v2\/media?parent=74106"}],"wp:term":[{"taxonomy":"category","embeddable":true,"href":"https:\/\/linitiative.ca\/International\/wp-json\/wp\/v2\/categories?post=74106"},{"taxonomy":"post_tag","embeddable":true,"href":"https:\/\/linitiative.ca\/International\/wp-json\/wp\/v2\/tags?post=74106"}],"curies":[{"name":"wp","href":"https:\/\/api.w.org\/{rel}","templated":true}]}}