{"id":74107,"date":"2020-01-24T16:50:57","date_gmt":"2020-01-24T21:50:57","guid":{"rendered":"https:\/\/linitiative.ca\/International\/elevage-des-actions-contre-la-faiblesse-des-precipitations\/"},"modified":"2020-01-24T16:50:57","modified_gmt":"2020-01-24T21:50:57","slug":"elevage-des-actions-contre-la-faiblesse-des-precipitations","status":"publish","type":"post","link":"https:\/\/linitiative.ca\/International\/elevage-des-actions-contre-la-faiblesse-des-precipitations\/","title":{"rendered":"\u00c9levage: Des actions contre la faiblesse des pr\u00e9cipitations"},"content":{"rendered":"<p class=\"c5\">La direction r\u00e9gionale de l\u2019Agriculture de l\u2019Oriental m\u00e8ne plusieurs actions en faveur du secteur de l\u2019\u00e9levage, dans un contexte marqu\u00e9 par la succession des ann\u00e9es enregistrant peu de pr\u00e9cipitations.<\/p>\n<p class=\"c5\">Ces efforts s\u2019inscrivent notamment dans le cadre de la mise en \u0153uvre du programme de r\u00e9duction des effets du retard des pluies au niveau de la r\u00e9gion, avec pour but de soutenir le secteur de l\u2019\u00e9levage compte tenu de son importance sur les plans social et \u00e9conomique, indique un communiqu\u00e9 de la direction r\u00e9gionale de l\u2019Agriculture.<\/p>\n<p class=\"c5\">A cet effet, la direction r\u00e9gionale a proc\u00e9d\u00e9, au titre de la campagne agricole 2019-2020, \u00e0 la mise en \u0153uvre du programme r\u00e9gional de distribution de 146.000 q d\u2019orge subventionn\u00e9e. La quantit\u00e9 d\u2019orge subventionn\u00e9e distribu\u00e9e \u00e0 cet effet a atteint 114.400 q au 5 janvier courant.<\/p>\n<p class=\"c5\">Il a \u00e9t\u00e9 \u00e9galement d\u00e9cid\u00e9 de consacrer une quantit\u00e9 suppl\u00e9mentaire de 33.000 q d\u2019orge subventionn\u00e9e aux \u00e9leveurs de la r\u00e9gion de l\u2019Oriental, qui est actuellement en cours de distribution.<\/p>\n<p class=\"c5\">Par ailleurs, des appels d\u2019offre ont \u00e9t\u00e9 lanc\u00e9s au niveau des directions provinciales de l\u2019agriculture pour la distribution de 200.000 q d\u2019orge subventionn\u00e9e, pour un montant de 12 millions de dirhams (MDH). Il s\u2019agit de r\u00e9pondre aux demandes formul\u00e9es par les \u00e9leveurs afin de b\u00e9n\u00e9ficier de quantit\u00e9s suppl\u00e9mentaires d\u2019orge subventionn\u00e9e, compte tenu des conditions climatiques marquant cette campagne agricole.<\/p>\n<p class=\"c5\">En outre, la direction r\u00e9gionale de l\u2019Agriculture s\u2019att\u00e8le, depuis 2016, \u00e0 la cr\u00e9ation et l\u2019\u00e9quipement de points d\u2019eau destin\u00e9s \u00e0 l\u2019abreuvement du cheptel et l\u2019arrosage des arbres fruitiers, afin de garantir un d\u00e9veloppement durable de ces plantations inscrites dans le cadre du pilier II du Plan agricole r\u00e9gional. Ainsi, 108 points d\u2019eau ont \u00e9t\u00e9 cr\u00e9\u00e9s et \u00e9quip\u00e9s entre 2016 et 2019.<\/p>\n<p class=\"c5\">En ce qui concerne les parcours, la direction r\u00e9gionale met en \u0153uvre un programme annuel de cr\u00e9ation et d\u2019\u00e9quipement de points d\u2019eau pour l\u2019abreuvement du b\u00e9tail dans l\u2019ensemble des provinces de la r\u00e9gion, pour une moyenne d\u2019investissement de 20 MDH, pouvant \u00eatre augment\u00e9e durant les ann\u00e9es de s\u00e9cheresse.<\/p>\n<p class=\"c5\">Dans ce cadre, il a \u00e9t\u00e9 proc\u00e9d\u00e9 \u00e0 la cr\u00e9ation, l\u2019\u00e9quipement ou le r\u00e9\u00e9quipement de 35 points d\u2019eau, alors que 38 autres points d\u2019abreuvement doivent \u00eatre cr\u00e9\u00e9s, \u00e9quip\u00e9s ou r\u00e9\u00e9quip\u00e9s en 2020.<\/p>\n<p class=\"c5\">De m\u00eame, une enveloppe additionnelle de 38,9 MDH a \u00e9t\u00e9 allou\u00e9e au renforcement du r\u00e9seau des points d\u2019eau pour l\u2019abreuvement du cheptel dans la r\u00e9gion, dans le cadre de la convention-cadre pour la r\u00e9alisation du programme national d\u2019approvisionnement en eau potable et d\u2019irrigation pour la p\u00e9riode 2020-2027.<\/p>\n<p class=\"c5\">A noter \u00e9galement les efforts men\u00e9s pour la sauvegarde de l\u2019espace oasien de la r\u00e9gion, confront\u00e9 \u00e0 la succession des ann\u00e9es de s\u00e9cheresse et la faiblesse des ressources hydriques. Ces efforts ont pour but de pr\u00e9server le syst\u00e8me oasien et r\u00e9aliser le d\u00e9veloppement durable de la cha\u00eene du palmier-dattier des oasis de Figuig.<\/p>\n<p class=\"c5\">Ainsi, il a \u00e9t\u00e9 proc\u00e9d\u00e9 \u00e0 la r\u00e9alisation du projet de transfert des eaux du barrage de Sfissef aux oasis de Figuig, pour une enveloppe de 190 MDH.<\/p>\n<p class=\"c5\">En plus, la direction r\u00e9gionale de l\u2019Agriculture proc\u00e8de \u00e0 la mise en \u0153uvre d\u2019un programme annuel pour l\u2019entretien du r\u00e9seau hydro-agricole de Figuig, pour un montant de 2 MDH.<\/p>\n<p>Auteur: Soufiane ELAHMAR<br \/>\n<a href=\"http:\/\/www.mapoujda.ma\/fr\/elevage-des-actions-contre-la-faiblesse-des-precipitations\/\">Cliquez ici pour lire l&rsquo;article depuis sa source.<\/a><\/p>\n","protected":false},"excerpt":{"rendered":"<p>La direction r\u00e9gionale de l\u2019Agriculture de l\u2019Oriental m\u00e8ne plusieurs actions en faveur du secteur de l\u2019\u00e9levage, dans un contexte marqu\u00e9 par la succession des ann\u00e9es enregistrant peu de pr\u00e9cipitations. Ces efforts s\u2019inscrivent notamment dans le cadre de la mise en \u0153uvre du programme de r\u00e9duction des effets du retard des pluies au niveau de la [&hellip;]<\/p>\n","protected":false},"author":1788,"featured_media":0,"comment_status":"closed","ping_status":"closed","sticky":false,"template":"","format":"standard","meta":{"fifu_image_url":"","fifu_image_alt":"","footnotes":""},"categories":[54,76],"tags":[],"class_list":["post-74107","post","type-post","status-publish","format-standard","hentry","category-maroc","category-regions"],"_links":{"self":[{"href":"https:\/\/linitiative.ca\/International\/wp-json\/wp\/v2\/posts\/74107","targetHints":{"allow":["GET"]}}],"collection":[{"href":"https:\/\/linitiative.ca\/International\/wp-json\/wp\/v2\/posts"}],"about":[{"href":"https:\/\/linitiative.ca\/International\/wp-json\/wp\/v2\/types\/post"}],"author":[{"embeddable":true,"href":"https:\/\/linitiative.ca\/International\/wp-json\/wp\/v2\/users\/1788"}],"replies":[{"embeddable":true,"href":"https:\/\/linitiative.ca\/International\/wp-json\/wp\/v2\/comments?post=74107"}],"version-history":[{"count":0,"href":"https:\/\/linitiative.ca\/International\/wp-json\/wp\/v2\/posts\/74107\/revisions"}],"wp:attachment":[{"href":"https:\/\/linitiative.ca\/International\/wp-json\/wp\/v2\/media?parent=74107"}],"wp:term":[{"taxonomy":"category","embeddable":true,"href":"https:\/\/linitiative.ca\/International\/wp-json\/wp\/v2\/categories?post=74107"},{"taxonomy":"post_tag","embeddable":true,"href":"https:\/\/linitiative.ca\/International\/wp-json\/wp\/v2\/tags?post=74107"}],"curies":[{"name":"wp","href":"https:\/\/api.w.org\/{rel}","templated":true}]}}