{"id":74112,"date":"2020-01-25T15:14:00","date_gmt":"2020-01-25T20:14:00","guid":{"rendered":"https:\/\/linitiative.ca\/International\/pros-mandi-bientot-prolonge-jusquen-2024\/"},"modified":"2020-01-25T15:14:00","modified_gmt":"2020-01-25T20:14:00","slug":"pros-mandi-bientot-prolonge-jusquen-2024","status":"publish","type":"post","link":"https:\/\/linitiative.ca\/International\/pros-mandi-bientot-prolonge-jusquen-2024\/","title":{"rendered":"Pros : Mandi, bient\u00f4t prolong\u00e9 jusqu\u2019en 2024"},"content":{"rendered":"<div readability=\"32\">\n<p>Auteur : <span>Riad O.<\/span> <span class=\"time\">samedi 25 janvier 2020 18:40<\/span><\/p>\n<\/div>\n<div id=\"post_core\" readability=\"39\">\n<p>A en croire le m\u00e9dia espagnol, Mundo Deportivo, Aissa Mandi serait sur le point de prolonger son contrat avec le Real B\u00e9tis jusqu\u2019en 2024. Selon la m\u00eame source toujours, les n\u00e9gociations entre les deux parties ont atteint un stade tr\u00e8s avanc\u00e9. Actuellement sous contrat avec le Real B\u00e9tis jusqu\u2019en 2021, Mandi pourrait donc prolonger son bail de trois saisons suppl\u00e9mentaires avec le club andalou.<\/p>\n<p><strong>Publi\u00e9 dans :<\/strong> <span>Mandi<\/span><\/p>\n<\/div>\n<p>Auteur:<br \/>\n<a href=\"http:\/\/www.lebuteur.com\/article\/detail?titre=mandi-bientot-prolonge-jusquen-2024&#038;id=94389&#038;utm_source=feedburner&#038;utm_medium=feed&#038;utm_campaign=Feed%3A+GalerieFArtciles+%28Les+derniers+articles++-+lebuteur.com%29\">Cliquez ici pour lire l&rsquo;article depuis sa source.<\/a><\/p>\n","protected":false},"excerpt":{"rendered":"<p>Auteur : Riad O. samedi 25 janvier 2020 18:40 A en croire le m\u00e9dia espagnol, Mundo Deportivo, Aissa Mandi serait sur le point de prolonger son contrat avec le Real B\u00e9tis jusqu\u2019en 2024. Selon la m\u00eame source toujours, les n\u00e9gociations entre les deux parties ont atteint un stade tr\u00e8s avanc\u00e9. Actuellement sous contrat avec le [&hellip;]<\/p>\n","protected":false},"author":1738,"featured_media":74113,"comment_status":"closed","ping_status":"closed","sticky":false,"template":"","format":"standard","meta":{"fifu_image_url":"","fifu_image_alt":"","footnotes":""},"categories":[53,75],"tags":[],"class_list":["post-74112","post","type-post","status-publish","format-standard","has-post-thumbnail","hentry","category-algerie","category-sport"],"_links":{"self":[{"href":"https:\/\/linitiative.ca\/International\/wp-json\/wp\/v2\/posts\/74112","targetHints":{"allow":["GET"]}}],"collection":[{"href":"https:\/\/linitiative.ca\/International\/wp-json\/wp\/v2\/posts"}],"about":[{"href":"https:\/\/linitiative.ca\/International\/wp-json\/wp\/v2\/types\/post"}],"author":[{"embeddable":true,"href":"https:\/\/linitiative.ca\/International\/wp-json\/wp\/v2\/users\/1738"}],"replies":[{"embeddable":true,"href":"https:\/\/linitiative.ca\/International\/wp-json\/wp\/v2\/comments?post=74112"}],"version-history":[{"count":0,"href":"https:\/\/linitiative.ca\/International\/wp-json\/wp\/v2\/posts\/74112\/revisions"}],"wp:featuredmedia":[{"embeddable":true,"href":"https:\/\/linitiative.ca\/International\/wp-json\/"}],"wp:attachment":[{"href":"https:\/\/linitiative.ca\/International\/wp-json\/wp\/v2\/media?parent=74112"}],"wp:term":[{"taxonomy":"category","embeddable":true,"href":"https:\/\/linitiative.ca\/International\/wp-json\/wp\/v2\/categories?post=74112"},{"taxonomy":"post_tag","embeddable":true,"href":"https:\/\/linitiative.ca\/International\/wp-json\/wp\/v2\/tags?post=74112"}],"curies":[{"name":"wp","href":"https:\/\/api.w.org\/{rel}","templated":true}]}}