{"id":74114,"date":"2020-01-25T15:14:02","date_gmt":"2020-01-25T20:14:02","guid":{"rendered":"https:\/\/linitiative.ca\/International\/pros-bonne-nouvelle-pour-belaili\/"},"modified":"2020-01-25T15:14:02","modified_gmt":"2020-01-25T20:14:02","slug":"pros-bonne-nouvelle-pour-belaili","status":"publish","type":"post","link":"https:\/\/linitiative.ca\/International\/pros-bonne-nouvelle-pour-belaili\/","title":{"rendered":"Pros : Bonne nouvelle pour Belaili"},"content":{"rendered":"<div readability=\"32\">\n<p>Auteur : <span>Riad O.<\/span> <span class=\"time\">samedi 25 janvier 2020 18:41<\/span><\/p>\n<\/div>\n<div id=\"post_core\" readability=\"38\">\n<p>Bonne nouvelle Youcef Belaili. Apr\u00e8s s\u2019\u00eatre remis de sa blessure, le joueur milieu de terrain Alg\u00e9rien d\u2019Al Ahli vient de reprendre l\u2019entra\u00eenement avec ses co\u00e9quipiers. Suite \u00e0 une l\u00e9g\u00e8re blessure, Belaili a rat\u00e9 la derni\u00e8re rencontre de son \u00e9quipe dans le championnat saoudien face \u00e0 la formation d\u2019Al-Raed. Ainsi, Belaili sera donc d\u2019attaque pour le prochain match de son team face au FC Istiqlol en Ligue des champions asiatique.<\/p>\n<p><strong>Publi\u00e9 dans :<\/strong> <span>Bela\u00efli<\/span><\/p>\n<\/div>\n<p>Auteur:<br \/>\n<a href=\"http:\/\/www.lebuteur.com\/article\/detail?titre=bonne-nouvelle-pour-belaili&#038;id=94390&#038;utm_source=feedburner&#038;utm_medium=feed&#038;utm_campaign=Feed%3A+GalerieFArtciles+%28Les+derniers+articles++-+lebuteur.com%29\">Cliquez ici pour lire l&rsquo;article depuis sa source.<\/a><\/p>\n","protected":false},"excerpt":{"rendered":"<p>Auteur : Riad O. samedi 25 janvier 2020 18:41 Bonne nouvelle Youcef Belaili. Apr\u00e8s s\u2019\u00eatre remis de sa blessure, le joueur milieu de terrain Alg\u00e9rien d\u2019Al Ahli vient de reprendre l\u2019entra\u00eenement avec ses co\u00e9quipiers. Suite \u00e0 une l\u00e9g\u00e8re blessure, Belaili a rat\u00e9 la derni\u00e8re rencontre de son \u00e9quipe dans le championnat saoudien face \u00e0 la [&hellip;]<\/p>\n","protected":false},"author":1738,"featured_media":74115,"comment_status":"closed","ping_status":"closed","sticky":false,"template":"","format":"standard","meta":{"fifu_image_url":"","fifu_image_alt":"","footnotes":""},"categories":[53,75],"tags":[],"class_list":["post-74114","post","type-post","status-publish","format-standard","has-post-thumbnail","hentry","category-algerie","category-sport"],"_links":{"self":[{"href":"https:\/\/linitiative.ca\/International\/wp-json\/wp\/v2\/posts\/74114","targetHints":{"allow":["GET"]}}],"collection":[{"href":"https:\/\/linitiative.ca\/International\/wp-json\/wp\/v2\/posts"}],"about":[{"href":"https:\/\/linitiative.ca\/International\/wp-json\/wp\/v2\/types\/post"}],"author":[{"embeddable":true,"href":"https:\/\/linitiative.ca\/International\/wp-json\/wp\/v2\/users\/1738"}],"replies":[{"embeddable":true,"href":"https:\/\/linitiative.ca\/International\/wp-json\/wp\/v2\/comments?post=74114"}],"version-history":[{"count":0,"href":"https:\/\/linitiative.ca\/International\/wp-json\/wp\/v2\/posts\/74114\/revisions"}],"wp:featuredmedia":[{"embeddable":true,"href":"https:\/\/linitiative.ca\/International\/wp-json\/"}],"wp:attachment":[{"href":"https:\/\/linitiative.ca\/International\/wp-json\/wp\/v2\/media?parent=74114"}],"wp:term":[{"taxonomy":"category","embeddable":true,"href":"https:\/\/linitiative.ca\/International\/wp-json\/wp\/v2\/categories?post=74114"},{"taxonomy":"post_tag","embeddable":true,"href":"https:\/\/linitiative.ca\/International\/wp-json\/wp\/v2\/tags?post=74114"}],"curies":[{"name":"wp","href":"https:\/\/api.w.org\/{rel}","templated":true}]}}