{"id":74118,"date":"2020-01-25T15:14:06","date_gmt":"2020-01-25T20:14:06","guid":{"rendered":"https:\/\/linitiative.ca\/International\/pros-ounas-elu-homme-du-match-face-au-stade-rennais\/"},"modified":"2020-01-25T15:14:06","modified_gmt":"2020-01-25T20:14:06","slug":"pros-ounas-elu-homme-du-match-face-au-stade-rennais","status":"publish","type":"post","link":"https:\/\/linitiative.ca\/International\/pros-ounas-elu-homme-du-match-face-au-stade-rennais\/","title":{"rendered":"Pros : Ounas, \u00e9lu homme du match face au Stade Rennais"},"content":{"rendered":"<div readability=\"32\">\n<p>Auteur : <span>Riad O.<\/span> <span class=\"time\">samedi 25 janvier 2020 18:43<\/span><\/p>\n<\/div>\n<div id=\"post_core\" readability=\"47\">\n<p>Le joueur milieu de terrain Alg\u00e9rien de l\u2019OGC Nice, Adam Ounas a livr\u00e9 une bonne prestation, hier, face au Stade Rennais \u00e0 l\u2019occasion de la 21\u00e8me journ\u00e9e de la Ligue 1 Conforama. Le joueur Alg\u00e9rien a \u00e9t\u00e9 omnipr\u00e9sent durant la majeure partie de la rencontre. Cette prestation lui a valu d\u2019\u00eatre \u00e9lu homme de ce match par le quotidien, L\u2019Equipe: \u00abSouvent critiqu\u00e9 pendant la premi\u00e8re partie de saison, il a \u00e9t\u00e9 brillant, en commen\u00e7ant par un rush de 50m\u00e8tres (2e), avant des centres de grande qualit\u00e9\u00a0 (17e, 20e, 23e). Tranchant dans ses dribbles, il a \u00e9t\u00e9 le principal poison ni\u00e7ois.\u00bb lit-on dans les colonnes de L\u2019Equipe concernant la prestation d\u2019Ounas face \u00e0 Rennes. Rappelons que cette rencontre s\u2019est sold\u00e9e sur le score de parit\u00e9 d\u2019un but partout.<\/p>\n<p><strong>Publi\u00e9 dans :<\/strong> <span>Stade Rennais<\/span> <span>Ounas<\/span><\/p>\n<\/div>\n<p>Auteur:<br \/>\n<a href=\"http:\/\/www.lebuteur.com\/article\/detail?titre=ounas-elu-homme-du-match-face-au-stade-rennais&#038;id=94392&#038;utm_source=feedburner&#038;utm_medium=feed&#038;utm_campaign=Feed%3A+GalerieFArtciles+%28Les+derniers+articles++-+lebuteur.com%29\">Cliquez ici pour lire l&rsquo;article depuis sa source.<\/a><\/p>\n","protected":false},"excerpt":{"rendered":"<p>Auteur : Riad O. samedi 25 janvier 2020 18:43 Le joueur milieu de terrain Alg\u00e9rien de l\u2019OGC Nice, Adam Ounas a livr\u00e9 une bonne prestation, hier, face au Stade Rennais \u00e0 l\u2019occasion de la 21\u00e8me journ\u00e9e de la Ligue 1 Conforama. Le joueur Alg\u00e9rien a \u00e9t\u00e9 omnipr\u00e9sent durant la majeure partie de la rencontre. Cette [&hellip;]<\/p>\n","protected":false},"author":1738,"featured_media":74119,"comment_status":"closed","ping_status":"closed","sticky":false,"template":"","format":"standard","meta":{"fifu_image_url":"","fifu_image_alt":"","footnotes":""},"categories":[53,75],"tags":[],"class_list":["post-74118","post","type-post","status-publish","format-standard","has-post-thumbnail","hentry","category-algerie","category-sport"],"_links":{"self":[{"href":"https:\/\/linitiative.ca\/International\/wp-json\/wp\/v2\/posts\/74118","targetHints":{"allow":["GET"]}}],"collection":[{"href":"https:\/\/linitiative.ca\/International\/wp-json\/wp\/v2\/posts"}],"about":[{"href":"https:\/\/linitiative.ca\/International\/wp-json\/wp\/v2\/types\/post"}],"author":[{"embeddable":true,"href":"https:\/\/linitiative.ca\/International\/wp-json\/wp\/v2\/users\/1738"}],"replies":[{"embeddable":true,"href":"https:\/\/linitiative.ca\/International\/wp-json\/wp\/v2\/comments?post=74118"}],"version-history":[{"count":0,"href":"https:\/\/linitiative.ca\/International\/wp-json\/wp\/v2\/posts\/74118\/revisions"}],"wp:featuredmedia":[{"embeddable":true,"href":"https:\/\/linitiative.ca\/International\/wp-json\/"}],"wp:attachment":[{"href":"https:\/\/linitiative.ca\/International\/wp-json\/wp\/v2\/media?parent=74118"}],"wp:term":[{"taxonomy":"category","embeddable":true,"href":"https:\/\/linitiative.ca\/International\/wp-json\/wp\/v2\/categories?post=74118"},{"taxonomy":"post_tag","embeddable":true,"href":"https:\/\/linitiative.ca\/International\/wp-json\/wp\/v2\/tags?post=74118"}],"curies":[{"name":"wp","href":"https:\/\/api.w.org\/{rel}","templated":true}]}}