{"id":74121,"date":"2020-01-25T07:00:00","date_gmt":"2020-01-25T12:00:00","guid":{"rendered":"https:\/\/linitiative.ca\/International\/services-durgence-et-femmes-enceintes-le-ministere-de-la-sante-trace-une-nouvelle-feuille-de-route-responsable\/"},"modified":"2020-01-25T07:00:00","modified_gmt":"2020-01-25T12:00:00","slug":"services-durgence-et-femmes-enceintes-le-ministere-de-la-sante-trace-une-nouvelle-feuille-de-route-responsable","status":"publish","type":"post","link":"https:\/\/linitiative.ca\/International\/services-durgence-et-femmes-enceintes-le-ministere-de-la-sante-trace-une-nouvelle-feuille-de-route-responsable\/","title":{"rendered":"Services d&rsquo;urgence et femmes enceintes : Le minist\u00e8re de la Sant\u00e9 trace une nouvelle feuille de route (responsable)"},"content":{"rendered":"<p>Le plan d&rsquo;urgence relatif \u00e0 la prise en charge dans les services d&rsquo;urgence et celle des femmes enceintes auquel a appel\u00e9 le pr\u00e9sident de la R\u00e9publique, Abdelmadjid Tebboune lors du dernier Conseil des ministres, n\u00e9cessite une \u00ab\u00a0mobilisation de tous les acteurs\u00a0\u00bb concern\u00e9s et doit \u00eatre ax\u00e9, entre autres, sur le renforcement et le red\u00e9ploiement des urgences en \u00ab\u00a0moyens humains et mat\u00e9riels suffisants\u00a0\u00bb, estime un responsable au minist\u00e8re de la Sant\u00e9, de la Population et de la R\u00e9forme hospitali\u00e8re.<\/p>\n<p>Le plan d&rsquo;urgence \u00e0 mettre en place concernant la prise en charge des femmes enceintes, doit \u00eatre ax\u00e9 sur le \u00ab\u00a0renforcement du r\u00e9seau de prise en charge de la femme gestante, le non refus d&rsquo;admission des femmes enceintes juste avant l&rsquo;accouchement, la mise aux normes de toutes les structures d&rsquo;obst\u00e9trique, en mati\u00e8re de locaux, de ressources humaines et d&rsquo;\u00e9quipements\u00a0\u00bb, a expliqu\u00e9 \u00e0 l&rsquo;APS le Dr. Faouzi Benachenhou, directeur des Structures de proximit\u00e9 au minist\u00e8re.<\/p>\n<p>Soulignant l&rsquo;importance de veiller \u00e0 la mise en place de l&rsquo;ensemble des supports, le Dr. Benachenhou a ajout\u00e9 que ce plan d&rsquo;urgence doit \u00eatre ax\u00e9 aussi sur le \u00ab\u00a0d\u00e9veloppement de la coordination au sein de la Wilaya entre les maternit\u00e9s des diff\u00e9rents paliers, de la coordination inter-wilaya et des inspections au niveau local pour \u00e9valuer l&rsquo;\u00e9tat d&rsquo;application du r\u00e9seau, ainsi que le maintien de l&rsquo;\u00e9tat d&rsquo;engagement des personnels pour le renforcement du r\u00e9seau et l&rsquo;implication du secteur lib\u00e9ral dans le r\u00e9seau\u00a0\u00bb.<\/p>\n<p>Concernant l&rsquo;\u00e9vacuation des malades, l&rsquo;orateur a indiqu\u00e9 que l&rsquo;\u00e9vacuation d&rsquo;un malade d&rsquo;un \u00e9tablissement de sant\u00e9 vers un autre est conditionn\u00e9e par \u00ab\u00a0l&rsquo;inscription sur le registre des urgences, la prise en charge du malade et sa mise en condition en vue de son \u00e9vacuation, l&rsquo;inscription sur les registres d&rsquo;\u00e9vacuation et la fiche de liaison bien renseign\u00e9e qui doit accompagner le malade et remise au service d&rsquo;accueil\u00a0\u00bb, soulignant que les contr\u00f4les et les inspections \u00ab\u00a0doivent \u00eatre renforc\u00e9s par le directeur de la Sant\u00e9 et de la Population pour v\u00e9rifier l&rsquo;\u00e9tat de mise en \u0153uvre de cette instruction, et prendre ou proposer des mesures \u00e0 l&rsquo;\u00e9gard des d\u00e9faillants\u00a0\u00bb.<\/p>\n<p>A propos de la prise en charge dans les services d&rsquo;urgence, le Dr. Benachenhou a qualifi\u00e9 la r\u00e9organisation et le renforcement de ces services de \u00ab\u00a0priorit\u00e9 qui doit b\u00e9n\u00e9ficier de l&rsquo;accompagnement n\u00e9cessaire\u00a0\u00bb.<\/p>\n<p>Il a, \u00e0 cet \u00e9gard, soulign\u00e9 l&rsquo;importance de \u00ab\u00a0red\u00e9ployer et renforcer les urgences en moyens humains et mat\u00e9riels suffisants, le renforcement des contr\u00f4les et d&rsquo;inspections\u00a0\u00bb, pr\u00e9cisant que \u00ab\u00a0les comit\u00e9s de garde et des urgences doivent \u00eatre op\u00e9rationnels et leurs recommandations prises en charge, et le parc ambulancier doit \u00eatre op\u00e9rationnel\u00a0\u00bb.<\/p>\n<p>&#8212; Am\u00e9liorer les conditions de travail et la s\u00e9curit\u00e9 des professionnels de la sant\u00e9 &#8212;<\/p>\n<p>Le Dr. Benachenhou a appel\u00e9, dans le m\u00eame contexte, \u00e0 \u00ab\u00a0veiller \u00e0 l&rsquo;am\u00e9lioration des conditions de travail principalement les \u00e9quipes de garde et \u00e0 la s\u00e9curit\u00e9 des professionnels de la sant\u00e9 et \u00e0 impliquer les praticiens lib\u00e9raux aux gardes, dans le cadre d&rsquo;une convention pour les sp\u00e9cialit\u00e9s o\u00f9 il y a un manque\u00a0\u00bb, pr\u00e9cisant que \u00ab\u00a0la liste des structures et des services de garde (secteur public et lib\u00e9ral) doit b\u00e9n\u00e9ficier d&rsquo;une large diffusion\u00a0\u00bb.<\/p>\n<p>Dans l&rsquo;objectif d&rsquo;all\u00e9ger les urgences et d&rsquo;encourager le recours aux polycliniques de proximit\u00e9, le responsable au minist\u00e8re de la Sant\u00e9 a propos\u00e9 la mise en place de m\u00e9canismes de consultations pour \u00ab\u00a0\u00e9viter les d\u00e9placements inutiles aux urgences, en veillant au respect des horaires de travail des praticiens sp\u00e9cialistes exer\u00e7ant au niveau des \u00e9tablissements de proximit\u00e9, et en renfor\u00e7ant l&rsquo;activit\u00e9 d&rsquo;externalisation des consultations sp\u00e9cialis\u00e9es pendant toute la journ\u00e9e\u00a0\u00bb.<\/p>\n<p>En mati\u00e8re de fonctionnement des structures et d&rsquo;organisation de l&rsquo;offre de soins, le Dr. Benachenhou a mis en avant l&rsquo;importance d&rsquo;organiser l&rsquo;offre de soins de \u00ab\u00a0fa\u00e7on \u00e0 r\u00e9pondre aux besoins de sant\u00e9 de la population et lutter contre les disparit\u00e9s, d&rsquo;assurer la bonne prise en charge des citoyens en veillant au bon accueil des citoyens, \u00e0 l&rsquo;hygi\u00e8ne des structures et \u00e0 la bonne prise en charge des malades, de veiller au respect des horaires de travail et \u00e0 la rentabilit\u00e9 des diff\u00e9rents services, et de veiller au port des tenues ad\u00e9quates\u00a0\u00bb.<\/p>\n<p>Il a, dans le m\u00eame ordre d&rsquo;id\u00e9es, mis l&rsquo;accent sur la n\u00e9cessit\u00e9 de \u00ab\u00a0renforcer et red\u00e9ployer les moyens en fonction des besoins, et de lutter contre l&rsquo;absent\u00e9isme, les cong\u00e9s de maladies et leam\u00e9nagements de postes de travail de complaisance\u00a0\u00bb.<\/p>\n<p>Pour le renforcement des capacit\u00e9s des structures de sant\u00e9 de proximit\u00e9 et des infrastructures hospitali\u00e8res, il a soulign\u00e9 l&rsquo;importance d&rsquo; \u00ab\u00a0am\u00e9liorer l&rsquo;organisation et le fonctionnement des diff\u00e9rentes structures et services, d&rsquo;organiser des r\u00e9seaux de soins \u00e0 l&rsquo;\u00e9chelle locale et r\u00e9gionale\u00a0\u00bb,<\/p>\n<p>pr\u00e9cisant que les plateaux techniques (imagerie et laboratoire) \u00ab\u00a0doivent \u00eatre constamment fonctionnels\u00a0\u00bb.<\/p>\n<p>Par ailleurs, et concernant la gestion des produits pharmaceutiques et des \u00e9quipements de sant\u00e9, le Dr. Benachenhou a indiqu\u00e9 qu&rsquo;il \u00e9tait important de \u00ab\u00a0veiller \u00e0 la disponibilit\u00e9 des produits pharmaceutiques, des vaccins, des s\u00e9rums, r\u00e9actifs et dispositifs m\u00e9dicaux, \u00e0 la bonne gestion des produits pharmaceutiques et \u00e0 am\u00e9liorer la tra\u00e7abilit\u00e9 des m\u00e9dicaments et des<\/p>\n<p>dispositifs m\u00e9dicaux\u00a0\u00bb. (APS)<\/p>\n<p>Auteur: elmoudjahid<br \/>\n<a href=\"http:\/\/www.elmoudjahid.com\/fr\/actualites\/147582\">Cliquez ici pour lire l&rsquo;article depuis sa source.<\/a><\/p>\n","protected":false},"excerpt":{"rendered":"<p>Le plan d&rsquo;urgence relatif \u00e0 la prise en charge dans les services d&rsquo;urgence et celle des femmes enceintes auquel a appel\u00e9 le pr\u00e9sident de la R\u00e9publique, Abdelmadjid Tebboune lors du dernier Conseil des ministres, n\u00e9cessite une \u00ab\u00a0mobilisation de tous les acteurs\u00a0\u00bb concern\u00e9s et doit \u00eatre ax\u00e9, entre autres, sur le renforcement et le red\u00e9ploiement des [&hellip;]<\/p>\n","protected":false},"author":1744,"featured_media":0,"comment_status":"closed","ping_status":"closed","sticky":false,"template":"","format":"standard","meta":{"fifu_image_url":"","fifu_image_alt":"","footnotes":""},"categories":[73,53],"tags":[],"class_list":["post-74121","post","type-post","status-publish","format-standard","hentry","category-actualite","category-algerie"],"_links":{"self":[{"href":"https:\/\/linitiative.ca\/International\/wp-json\/wp\/v2\/posts\/74121","targetHints":{"allow":["GET"]}}],"collection":[{"href":"https:\/\/linitiative.ca\/International\/wp-json\/wp\/v2\/posts"}],"about":[{"href":"https:\/\/linitiative.ca\/International\/wp-json\/wp\/v2\/types\/post"}],"author":[{"embeddable":true,"href":"https:\/\/linitiative.ca\/International\/wp-json\/wp\/v2\/users\/1744"}],"replies":[{"embeddable":true,"href":"https:\/\/linitiative.ca\/International\/wp-json\/wp\/v2\/comments?post=74121"}],"version-history":[{"count":0,"href":"https:\/\/linitiative.ca\/International\/wp-json\/wp\/v2\/posts\/74121\/revisions"}],"wp:attachment":[{"href":"https:\/\/linitiative.ca\/International\/wp-json\/wp\/v2\/media?parent=74121"}],"wp:term":[{"taxonomy":"category","embeddable":true,"href":"https:\/\/linitiative.ca\/International\/wp-json\/wp\/v2\/categories?post=74121"},{"taxonomy":"post_tag","embeddable":true,"href":"https:\/\/linitiative.ca\/International\/wp-json\/wp\/v2\/tags?post=74121"}],"curies":[{"name":"wp","href":"https:\/\/api.w.org\/{rel}","templated":true}]}}