{"id":74122,"date":"2020-01-25T12:03:00","date_gmt":"2020-01-25T17:03:00","guid":{"rendered":"https:\/\/linitiative.ca\/International\/forum-des-competences-algeriennes-fac-mobiliser-la-diaspora-pour-un-developpement-durable\/"},"modified":"2020-01-25T12:03:00","modified_gmt":"2020-01-25T17:03:00","slug":"forum-des-competences-algeriennes-fac-mobiliser-la-diaspora-pour-un-developpement-durable","status":"publish","type":"post","link":"https:\/\/linitiative.ca\/International\/forum-des-competences-algeriennes-fac-mobiliser-la-diaspora-pour-un-developpement-durable\/","title":{"rendered":"Forum des comp\u00e9tences alg\u00e9riennes (FAC)  :Mobiliser la diaspora pour un d\u00e9veloppement durable"},"content":{"rendered":"<p><strong>Au cours d\u2019une conf\u00e9rence sur \u00ab\u00a0l\u2019implication des comp\u00e9tences alg\u00e9riennes dans l\u2019Alg\u00e9rie nouvelle\u00bb qui s\u2019est tenue Samedi \u00e0 l\u2019h\u00f4tel Aurassi \u00e0 Alger, le pr\u00e9sident de cette instance, Adel Ghebouli, a exprim\u00e9 sa satisfaction quant \u00e0, \u00ab la volont\u00e9 politique affich\u00e9e par le pr\u00e9sident de la R\u00e9publique\u00a0 qui a entam\u00e9 ses premi\u00e8res d\u00e9marches en la mati\u00e8re, \u00e0 travers la cr\u00e9ation de d\u00e9partements minist\u00e9riels, comme celui de la Micro-entreprise, des Startup et de l&rsquo;\u00e9conomie de la connaissance\u00bb.<\/strong><\/p>\n<p><strong>Pour le docteur Ghebouli, la cr\u00e9ation de ces nouveaux d\u00e9partements, \u00ab\u00a0traduit les engagements pris par le pr\u00e9sident d&rsquo;ouvrir de grands chantiers, notamment dans le secteur de l\u2019\u00e9conomie du savoir et l\u2019investissement dans les nouvelles technologies\u00a0\u00bb.<\/strong><\/p>\n<p><strong>\u00ab\u00a0Par ces actions, Abdelmadjid Tebboune \u00a0a proc\u00e9d\u00e9\u00a0 \u00e0 la mise en \u0153uvre de m\u00e9canismes institutionnels pour \u00e9tablir des ponts entre les comp\u00e9tences locales et celles \u00e9tablies \u00e0 l\u2019\u00e9tranger. Cela, afin de permettre une meilleure identification et adaptation des besoins locaux, pour faire face aux nouveaux d\u00e9fis que pose la conjoncture \u00e9conomique, et le contexte g\u00e9opolitique actuel\u00bb a-t-il affirm\u00e9.<\/strong><\/p>\n<p><strong>Le pr\u00e9sident du FAC estime\u00a0 que \u00abla migration des personnes hautement qualifi\u00e9es en Alg\u00e9rie est \u00a0per\u00e7ue comme une fuite des cerveaux, et une perte pour l\u2019Etat\u00bb. N\u00e9anmoins, \u00a0\u00a0ajoutera t\u2019il, \u00a0\u00ab de l\u2019autre c\u00f4t\u00e9 cela pourrait \u00eatre b\u00e9n\u00e9fique\u00a0 pour\u00a0 la valorisation des comp\u00e9tences nationales si le contact est r\u00e9ussi entre la diaspora et les \u00e9lites locales\u00bb.<\/strong><\/p>\n<p><strong>L\u2019\u00e9quation est facile et r\u00e9alisable, selon Dr. Ghebouli, qui insiste sur l\u2019engagement de l\u2019Etat alg\u00e9rien \u00e0 travailler dans le sens de la pr\u00e9paration d\u2019un environnement favorable \u00e0 la contribution massive de notre mati\u00e8re grise o\u00f9 qu\u2019elle se trouve, \u00e0 l\u2019essor du pays\u00a0et,\u00a0\u00ab\u00a0\u00e0 la refondation de la nouvelle Alg\u00e9rie\u00bb.<\/strong><\/p>\n<p><strong>Pour l\u2019ensemble des intervenants \u00e0 cette conf\u00e9rence, \u00a0la migration des comp\u00e9tences nationales tende \u00e0 appauvrir le potentiel scientifique, technologique et entrepreneurial du pays. D\u2019o\u00f9 la n\u00e9cessit\u00e9 de r\u00e9fl\u00e9chir sur une strat\u00e9gie globale et des m\u00e9canismes efficaces afin de favoriser le retour des comp\u00e9tences ou d\u2019au moins une participation active \u00e0 l\u2019essor \u00e9conomique du pays.<\/strong><\/p>\n<p class=\"c6\">\u00a0<\/p>\n<p class=\"c6\"><strong>Identifier le potentiel alg\u00e9rien \u00e0 l\u2019\u00e9tranger<\/strong><\/p>\n<p><strong>Dr. Ghebouli, estime dans ce contexte, \u00a0que\u00a0 \u00abla cr\u00e9ation d\u2019une plateforme num\u00e9rique pour l\u2019accompagnement des activit\u00e9s des \u00e9lites alg\u00e9riennes \u00e0 l\u2019\u00e9tranger, facilitera l\u2019indentification du potentiel cr\u00e9atif, des projets novateurs, des contributions scientifiques et cr\u00e9ations technologiques de nos savants \u00e0 l\u2019\u00e9tranger\u00bb pour ensuite \u00abfavoriser le transfert des savoirs et le renforcement de la participation de la diaspora en faveur du d\u00e9veloppement du pays\u00bb a-t-il ajout\u00e9.<\/strong><\/p>\n<p><strong>Mais, selon lui, \u00a0cela ne pourrait \u00eatre r\u00e9alis\u00e9, sans l\u2019implication de tous les intervenants, \u00e0 tous les niveaux notamment, les responsables des \u00e9tablissements universitaires et centres de recherche \u00ab\u00e0 travers une strat\u00e9gie de r\u00e9seautage pour la promotion des collaborations fructueuses, et ainsi que la promotion des initiatives de recherche et de partenariat entre la sph\u00e8re acad\u00e9mique et la sph\u00e8re \u00e9conomique en se focalisant notamment sur le\u00a0 transfert de connaissances par l\u2019interm\u00e9diaire des chercheurs expatri\u00e9s\u00bb.<\/strong><\/p>\n<p><strong>Les principales th\u00e9matiques d\u00e9battues lors de cette conf\u00e9rence ont eu trait notamment au,\u00a0 \u00ab r\u00f4le des comp\u00e9tences expatri\u00e9es dans la cr\u00e9ation de dynamiques de recherche locale\u00a0 et leur collaboration \u00e0 la mise en \u0153uvre de la nouvelle strat\u00e9gie \u00e9conomique\u00bb, \u00ables perspectives d\u2019une approche collaborative entre l\u2019\u00e9lite locale et celle \u00e9tablie \u00a0\u00e0 l\u2019\u00e9tranger\u00bb, \u00able renforcement de la contribution des comp\u00e9tences dans le secteur de la sant\u00e9 et de la m\u00e9decine\u00bb.<\/strong><\/p>\n<p><strong>La conf\u00e9rence a retenu un certain nombre de recommandations \u00abqui seront par la suite transmises aux autorit\u00e9s afin de contribuer \u00e0 l\u2019instauration d\u2019une strat\u00e9gie int\u00e9gr\u00e9e\u00bb. Certaines de ses recommandations \u00a0sont li\u00e9es \u00e0 l\u2019importance de la contribution des comp\u00e9tences scientifiques, d\u2019origine alg\u00e9rienne vivant \u00e0 l\u2019\u00e9tranger au d\u00e9veloppement d\u2019une mani\u00e8re g\u00e9n\u00e9rale.\u00a0 D\u2019autres recommandations impliquent \u00abla cr\u00e9ation d\u2019un conseil national de la recherche scientifique et des nouvelles technologies \u00abqui aura pour vocation d\u2019identifier le potentiel scientifique alg\u00e9rien \u00e0 l\u2019\u00e9tranger et de le mettre \u00e0 contribution\u00bb pour \u00aben faire une locomotive pour le d\u00e9veloppement \u00e9conomique durable\u00bb.<\/strong><\/p>\n<p><strong>Le forum des comp\u00e9tences alg\u00e9riennes a \u00e9t\u00e9 cr\u00e9\u00e9 en novembre 2018, et a organis\u00e9 en septembre dernier, sa premi\u00e8re conf\u00e9rence sous le th\u00e8me des \u00ab\u00a0comp\u00e9tences alg\u00e9riennes au service de la nation\u00bb. A signaler qu\u2019en plus du FAC, la mati\u00e8re grise alg\u00e9rienne \u00e0 l\u2019\u00e9tranger est regroup\u00e9e autour de plusieurs associations telles que le R\u00e9seau des Alg\u00e9riens dipl\u00f4m\u00e9s des grandes \u00e9coles et universit\u00e9s fran\u00e7aises (REAGE, France) , le Regroupement des Alg\u00e9riens universitaires au Canada (RAUC, Canada) et l\u2019Association des comp\u00e9tences alg\u00e9riennes (ACA, Grande-Bretagne), entre autres.<\/strong><\/p>\n<p class=\"c7\"><strong>Tahar Kaidi<\/strong><\/p>\n<p>Auteur: elmoudjahid<br \/>\n<a href=\"http:\/\/www.elmoudjahid.com\/fr\/actualites\/147584\">Cliquez ici pour lire l&rsquo;article depuis sa source.<\/a><\/p>\n","protected":false},"excerpt":{"rendered":"<p>Au cours d\u2019une conf\u00e9rence sur \u00ab\u00a0l\u2019implication des comp\u00e9tences alg\u00e9riennes dans l\u2019Alg\u00e9rie nouvelle\u00bb qui s\u2019est tenue Samedi \u00e0 l\u2019h\u00f4tel Aurassi \u00e0 Alger, le pr\u00e9sident de cette instance, Adel Ghebouli, a exprim\u00e9 sa satisfaction quant \u00e0, \u00ab la volont\u00e9 politique affich\u00e9e par le pr\u00e9sident de la R\u00e9publique\u00a0 qui a entam\u00e9 ses premi\u00e8res d\u00e9marches en la mati\u00e8re, \u00e0 [&hellip;]<\/p>\n","protected":false},"author":1744,"featured_media":0,"comment_status":"closed","ping_status":"closed","sticky":false,"template":"","format":"standard","meta":{"fifu_image_url":"","fifu_image_alt":"","footnotes":""},"categories":[73,53],"tags":[],"class_list":["post-74122","post","type-post","status-publish","format-standard","hentry","category-actualite","category-algerie"],"_links":{"self":[{"href":"https:\/\/linitiative.ca\/International\/wp-json\/wp\/v2\/posts\/74122","targetHints":{"allow":["GET"]}}],"collection":[{"href":"https:\/\/linitiative.ca\/International\/wp-json\/wp\/v2\/posts"}],"about":[{"href":"https:\/\/linitiative.ca\/International\/wp-json\/wp\/v2\/types\/post"}],"author":[{"embeddable":true,"href":"https:\/\/linitiative.ca\/International\/wp-json\/wp\/v2\/users\/1744"}],"replies":[{"embeddable":true,"href":"https:\/\/linitiative.ca\/International\/wp-json\/wp\/v2\/comments?post=74122"}],"version-history":[{"count":0,"href":"https:\/\/linitiative.ca\/International\/wp-json\/wp\/v2\/posts\/74122\/revisions"}],"wp:attachment":[{"href":"https:\/\/linitiative.ca\/International\/wp-json\/wp\/v2\/media?parent=74122"}],"wp:term":[{"taxonomy":"category","embeddable":true,"href":"https:\/\/linitiative.ca\/International\/wp-json\/wp\/v2\/categories?post=74122"},{"taxonomy":"post_tag","embeddable":true,"href":"https:\/\/linitiative.ca\/International\/wp-json\/wp\/v2\/tags?post=74122"}],"curies":[{"name":"wp","href":"https:\/\/api.w.org\/{rel}","templated":true}]}}