{"id":74127,"date":"2020-01-25T09:57:00","date_gmt":"2020-01-25T14:57:00","guid":{"rendered":"https:\/\/linitiative.ca\/International\/mascara-trois-arrestations-et-saisie-dhallucinogenes\/"},"modified":"2020-01-25T09:57:00","modified_gmt":"2020-01-25T14:57:00","slug":"mascara-trois-arrestations-et-saisie-dhallucinogenes","status":"publish","type":"post","link":"https:\/\/linitiative.ca\/International\/mascara-trois-arrestations-et-saisie-dhallucinogenes\/","title":{"rendered":"MASCARA : Trois arrestations  et saisie d\u2019hallucinog\u00e8nes"},"content":{"rendered":"<p><br id=\"sep_para_1\" class=\"sep_para access\"\/><\/p>\n<div id=\"para_1\" class=\"para_35249640 resize\">\n<div class=\"texte access firstletter\">Dans le cadre de la lutte contre le trafic illicite de stup\u00e9fiants et de substances psychotropes, les \u00e9l\u00e9ments de la brigade de recherches et d\u2019intervention de Mascara ont r\u00e9ussi \u00e0 arr\u00eater trois individus, avec la saisie d\u2019une quantit\u00e9 de ces substances toxiques, lors de deux descentes effectu\u00e9es dans leur p\u00e9rim\u00e8tre de comp\u00e9tence. En effet, la premi\u00e8re op\u00e9ration a permis d\u2019arr\u00eater un individu \u00e2g\u00e9 de 51 ans, avec la saisie de 30 comprim\u00e9s hallucinog\u00e8nes de divers types, ainsi que d\u2019une somme d\u2019argent revenu de ce trafic illicite, et ce suite \u00e0 des renseignements parvenus aux \u00e9l\u00e9ments de la brigade au sujet de l\u2019activit\u00e9 ill\u00e9gale du suspect au niveau d\u2019une rue de la ville de Mascara. Le mis en cause a \u00e9t\u00e9 plac\u00e9 sous surveillance avant d\u2019\u00eatre arr\u00eat\u00e9 en flagrant d\u00e9lit de d\u00e9tention de 20 comprim\u00e9s de Ky\u00e9til et d\u2019une somme d\u2019argent. Les \u00e9l\u00e9ments de la brigade ont ensuite proc\u00e9d\u00e9 \u00e0 la perquisition du domicile du suspect, ce qui a permis de retrouver une autre quantit\u00e9 de 10 comprim\u00e9s de divers types, soit un total de 30 comprim\u00e9s saisis. Et lors d\u2019une seconde descente, les \u00e9l\u00e9ments de la brigade ont arr\u00eat\u00e9 deux autres trafiquants suite \u00e0 l\u2019exploitation de renseignements indiquant qu\u2019un individu \u00e2g\u00e9 de 25 ans transportait une quantit\u00e9 de comprim\u00e9s hallucinog\u00e8nes \u00e0 bord de son v\u00e9hicule, \u00e0 l\u2019effet de les revendre dans la ville de Mascara. La surveillance du suspect a permis de le prendre en flagrant d\u00e9lit entrain de remettre un objet suspect \u00e0 un autre mis en cause \u00e2g\u00e9 de 40 ans. Les deux suspects ont \u00e9t\u00e9 arr\u00eat\u00e9s avec la saisie de 20 comprim\u00e9s d\u2019Ecstasy et d\u2019une somme d\u2019argent. Des proc\u00e9dures judiciaires ont \u00e9t\u00e9 instruites \u00e0 l\u2019encontre des trois suspects, en vertu desquelles ils ont \u00e9t\u00e9 pr\u00e9sent\u00e9s devant la justice qui a ordonn\u00e9 leur placement en d\u00e9tention.\u00a0 B. Boufaden<\/div>\n<\/div>\n<p>Auteur: R\u00e9flexion<br \/>\n<a href=\"https:\/\/www.reflexiondz.net\/MASCARA-Trois-arrestations-et-saisie-d-hallucinogenes_a60201.html\">Cliquez ici pour lire l&rsquo;article depuis sa source.<\/a><\/p>\n","protected":false},"excerpt":{"rendered":"<p>Dans le cadre de la lutte contre le trafic illicite de stup\u00e9fiants et de substances psychotropes, les \u00e9l\u00e9ments de la brigade de recherches et d\u2019intervention de Mascara ont r\u00e9ussi \u00e0 arr\u00eater trois individus, avec la saisie d\u2019une quantit\u00e9 de ces substances toxiques, lors de deux descentes effectu\u00e9es dans leur p\u00e9rim\u00e8tre de comp\u00e9tence. En effet, la [&hellip;]<\/p>\n","protected":false},"author":1740,"featured_media":0,"comment_status":"closed","ping_status":"closed","sticky":false,"template":"","format":"standard","meta":{"fifu_image_url":"","fifu_image_alt":"","footnotes":""},"categories":[53,76],"tags":[],"class_list":["post-74127","post","type-post","status-publish","format-standard","hentry","category-algerie","category-regions"],"_links":{"self":[{"href":"https:\/\/linitiative.ca\/International\/wp-json\/wp\/v2\/posts\/74127","targetHints":{"allow":["GET"]}}],"collection":[{"href":"https:\/\/linitiative.ca\/International\/wp-json\/wp\/v2\/posts"}],"about":[{"href":"https:\/\/linitiative.ca\/International\/wp-json\/wp\/v2\/types\/post"}],"author":[{"embeddable":true,"href":"https:\/\/linitiative.ca\/International\/wp-json\/wp\/v2\/users\/1740"}],"replies":[{"embeddable":true,"href":"https:\/\/linitiative.ca\/International\/wp-json\/wp\/v2\/comments?post=74127"}],"version-history":[{"count":0,"href":"https:\/\/linitiative.ca\/International\/wp-json\/wp\/v2\/posts\/74127\/revisions"}],"wp:attachment":[{"href":"https:\/\/linitiative.ca\/International\/wp-json\/wp\/v2\/media?parent=74127"}],"wp:term":[{"taxonomy":"category","embeddable":true,"href":"https:\/\/linitiative.ca\/International\/wp-json\/wp\/v2\/categories?post=74127"},{"taxonomy":"post_tag","embeddable":true,"href":"https:\/\/linitiative.ca\/International\/wp-json\/wp\/v2\/tags?post=74127"}],"curies":[{"name":"wp","href":"https:\/\/api.w.org\/{rel}","templated":true}]}}