{"id":74130,"date":"2020-01-25T10:10:00","date_gmt":"2020-01-25T15:10:00","guid":{"rendered":"https:\/\/linitiative.ca\/International\/le-rcd-veut-desormais-une-conference-nationale\/"},"modified":"2020-01-25T10:10:00","modified_gmt":"2020-01-25T15:10:00","slug":"le-rcd-veut-desormais-une-conference-nationale","status":"publish","type":"post","link":"https:\/\/linitiative.ca\/International\/le-rcd-veut-desormais-une-conference-nationale\/","title":{"rendered":"Le RCD veut d\u00e9sormais une conf\u00e9rence nationale"},"content":{"rendered":"<p><br id=\"sep_para_1\" class=\"sep_para access\"\/><\/p>\n<div id=\"para_1\" class=\"para_35249704 resize\">\n<div class=\"texte access firstletter\">Mohcine Belabb\u00e8s a d\u00e9fendu samedi le principe d\u2019un \u00ab dialogue global \u00bb \u00e0 l\u2019ouverture des travaux des \u00ab Assises de la d\u00e9mocratie et de la souverainet\u00e9 populaire \u00bb au si\u00e8ge du parti, apr\u00e8s que les autorit\u00e9s de la wilaya d\u2019Alger ont refus\u00e9 l\u2019autorisation de la rencontre au Palais des expositions aux pins maritimes. Sur sa conception du dialogue, le pr\u00e9sident du RCD sugg\u00e8re d&rsquo;aller vers des assises nationales pour \u00abquestionner\u00bb la r\u00e9alit\u00e9 politique et ses enjeux futurs et \u00ab\u00e9largir\u00bb ensuite cette d\u00e9marche en vue d\u2019accueillir, dans le cadre d&rsquo;une conf\u00e9rence nationale, \u00abtous\u00bb les acteurs politiques et ceux de la soci\u00e9t\u00e9 civile afin de proposer \u00abensemble\u00bb une r\u00e9flexion pour une \u00abrefondation\u00bb du syst\u00e8me d\u00e9mocratique en Alg\u00e9rie. \u00abIl faut de ce fait d\u00e9verrouiller le champ d&rsquo;expression\u00bb, a-t-il plaid\u00e9. Le pr\u00e9sident du RCD a revendiqu\u00e9 par ailleurs la paternit\u00e9 des propositions sur la r\u00e9vision de la Constitution et l&rsquo;adoption de la nouvelle loi \u00e9lectorale. M. Belabb\u00e8s a mis \u00e0 profit cette opportunit\u00e9 pour r\u00e9it\u00e9rer la position de son parti pour une p\u00e9riode de transition constituante devant associer l&rsquo;ensemble des forces patriotiques pour \u00e9laborer \u00abensemble\u00bb une plateforme de propositions et de solutions qui font \u00e9cho \u00e0 l&rsquo;histoire et \u00e0 la m\u00e9moire du peuple. \u00abElles consacreront les droits universels de l&rsquo;homme, garantiront les libert\u00e9s individuelles et collectives et prot\u00e8geront la r\u00e8gle du libre choix du peuple et l&rsquo;alternance d\u00e9mocratique au pouvoir\u00bb, a-t-il expliqu\u00e9 non sans appeler \u00e0 la lib\u00e9ration des d\u00e9tenus du Hirak. Mettant en avant la d\u00e9marche de transition qu&rsquo;il a initi\u00e9e, le pr\u00e9sident du RCD a pr\u00e9cis\u00e9 que la transition d\u00e9mocratique est la \u00abseule voie\u00bb pour pr\u00e9parer un environnement institutionnel qui \u00abpermet\u00bb l&rsquo;expression de la souverainet\u00e9 populaire et entamer le chantier salvateur de la refondation de l&rsquo;Etat. Faisant son analyse de l&rsquo;actualit\u00e9 politique, il a tenu \u00e0 adresser un message aux manifestants pour dire que le Hirak doit lutter pour op\u00e9rer la rupture\u00a0 r\u00e9elle.\u00a0 \u00abIl faut arriver \u00e0 la refondation de l&rsquo;Etat national, loin de toute repr\u00e9sentation r\u00e9gionaliste ou partisane pour pouvoir remettre la destin\u00e9e du pays sur les rails de la souverainet\u00e9\u00bb, a insist\u00e9 M. Belabb\u00e8s qui se f\u00e9licite de l&rsquo;engagement des militants de son parti au c\u00f4t\u00e9 du peuple.\u00a0 \u00ab Ce qui nous importe c\u2019est la mise en place d\u2019une dynamique de dialogue national au sujet des grands dossiers en rapport avec le syst\u00e8me politique que nous voulons fonder \u00bb, dit-il\u00a0\u00a0 en citant parmi ces grands dossiers, la justice, la r\u00e9forme de l\u2019Etat, l\u2019\u00e9conomie, l\u2019\u00e9ducation nationale, la question \u00e9nerg\u00e9tique et environnementale et le r\u00f4le de l\u2019institution militaire.\u00a0\u00a0 Ce dialogue global dont il se fait l\u2019avocat devrait selon lui, aboutir \u00e0 \u00ab une conf\u00e9rence nationale\u00bb, dont les recommandations devraient nourrir le projet de r\u00e9vision de la constitution \u00bb. A contrario, le chef du RCD s\u2019est montr\u00e9 caustique vis-\u00e0-vis de la d\u00e9marche du pr\u00e9sident Tebboune, assurant que \u00ab Le dialogue que nous voulons n\u2019est pas celui des rencontres bilat\u00e9rales et des visites protocolaires offertes par le Pr\u00e9sident \u00bb.<\/div>\n<\/div>\n<p>Auteur: R\u00e9flexion<br \/>\n<a href=\"https:\/\/www.reflexiondz.net\/Le-RCD-veut-desormais-une-conference-nationale_a60219.html\">Cliquez ici pour lire l&rsquo;article depuis sa source.<\/a><\/p>\n","protected":false},"excerpt":{"rendered":"<p>Mohcine Belabb\u00e8s a d\u00e9fendu samedi le principe d\u2019un \u00ab dialogue global \u00bb \u00e0 l\u2019ouverture des travaux des \u00ab Assises de la d\u00e9mocratie et de la souverainet\u00e9 populaire \u00bb au si\u00e8ge du parti, apr\u00e8s que les autorit\u00e9s de la wilaya d\u2019Alger ont refus\u00e9 l\u2019autorisation de la rencontre au Palais des expositions aux pins maritimes. Sur sa [&hellip;]<\/p>\n","protected":false},"author":1740,"featured_media":0,"comment_status":"closed","ping_status":"closed","sticky":false,"template":"","format":"standard","meta":{"fifu_image_url":"","fifu_image_alt":"","footnotes":""},"categories":[53,76],"tags":[],"class_list":["post-74130","post","type-post","status-publish","format-standard","hentry","category-algerie","category-regions"],"_links":{"self":[{"href":"https:\/\/linitiative.ca\/International\/wp-json\/wp\/v2\/posts\/74130","targetHints":{"allow":["GET"]}}],"collection":[{"href":"https:\/\/linitiative.ca\/International\/wp-json\/wp\/v2\/posts"}],"about":[{"href":"https:\/\/linitiative.ca\/International\/wp-json\/wp\/v2\/types\/post"}],"author":[{"embeddable":true,"href":"https:\/\/linitiative.ca\/International\/wp-json\/wp\/v2\/users\/1740"}],"replies":[{"embeddable":true,"href":"https:\/\/linitiative.ca\/International\/wp-json\/wp\/v2\/comments?post=74130"}],"version-history":[{"count":0,"href":"https:\/\/linitiative.ca\/International\/wp-json\/wp\/v2\/posts\/74130\/revisions"}],"wp:attachment":[{"href":"https:\/\/linitiative.ca\/International\/wp-json\/wp\/v2\/media?parent=74130"}],"wp:term":[{"taxonomy":"category","embeddable":true,"href":"https:\/\/linitiative.ca\/International\/wp-json\/wp\/v2\/categories?post=74130"},{"taxonomy":"post_tag","embeddable":true,"href":"https:\/\/linitiative.ca\/International\/wp-json\/wp\/v2\/tags?post=74130"}],"curies":[{"name":"wp","href":"https:\/\/api.w.org\/{rel}","templated":true}]}}