{"id":74131,"date":"2020-01-25T10:10:00","date_gmt":"2020-01-25T15:10:00","guid":{"rendered":"https:\/\/linitiative.ca\/International\/kamel-rezig-sen-prend-a-la-mafia-du-commerce\/"},"modified":"2020-01-25T10:10:00","modified_gmt":"2020-01-25T15:10:00","slug":"kamel-rezig-sen-prend-a-la-mafia-du-commerce","status":"publish","type":"post","link":"https:\/\/linitiative.ca\/International\/kamel-rezig-sen-prend-a-la-mafia-du-commerce\/","title":{"rendered":"Kamel Rezig s\u2019en prend \u00e0 la mafia du commerce"},"content":{"rendered":"<p><br id=\"sep_para_1\" class=\"sep_para access\"\/><\/p>\n<div id=\"para_1\" class=\"para_35249706 resize\">\n<div class=\"photo shadow left\"><a href=\"javascript:void(0)\" rel=\"https:\/\/www.reflexiondz.net\/photo\/art\/grande\/42155750-35249706.jpg?v=1579977338&#038;ibox\" title=\"Kamel Rezig s\u2019en prend \u00e0 la mafia du commerce\"><img decoding=\"async\" class=\"responsive c9\" src=\"https:\/\/www.reflexiondz.net\/photo\/art\/grande\/42155750-35249706.jpg?v=1579977338\" alt=\"Kamel Rezig s\u2019en prend \u00e0 la mafia du commerce\" title=\"Kamel Rezig s\u2019en prend \u00e0 la mafia du commerce\"\/><img decoding=\"async\" class=\"not-responsive\" src=\"https:\/\/www.reflexiondz.net\/photo\/art\/default\/42155750-35249706.jpg?v=1579977339\" alt=\"Kamel Rezig s\u2019en prend \u00e0 la mafia du commerce\" title=\"Kamel Rezig s\u2019en prend \u00e0 la mafia du commerce\"\/><\/a><\/div>\n<div class=\"texte access firstletter\">Sortie offensive que celle du ministre du Commerce, Kamel Rezig, ce samedi en conf\u00e9rence de presse, sa premi\u00e8re depuis sa nomination, \u00e0 l\u2019issue d\u2019une rencontre avec les cadres de son d\u00e9partement. Le ministre s\u2019en est pris violemment \u00e0 ceux \u00abqui se taisent et ne trouvent aucune explication \u00e0 une situation o\u00f9 le citoyen ne trouve pas le sachet de lait, alors que l\u2019Etat importe 14 000 tonnes de poudre \u00bb, a-t-il fustig\u00e9 avant de pr\u00e9venir qu\u2019une lutte sans merci sera men\u00e9e contre ce qui est d\u00e9sormais connu sous le nom de \u2018\u2019Issaba\u2019\u2019. Promettant que cette lutte s\u2019\u00e9tendra, apr\u00e8s le lait, \u00e0 tous les segments du commerce, il a indiqu\u00e9 avoir pri\u00e9 les cadres de son secteur, soit \u00e0 s\u2019y inscrire r\u00e9solument, soit \u00e0 \u00abdescendre du train, d\u00e9j\u00e0 en marche\u00bb, a-t-il tonn\u00e9. Pr\u00f4nant, ensuite, la concertation entre les diff\u00e9rents partenaires, il fera savoir qu\u2019il se fera d\u00e9sormais, au cours de toutes ses sorties dans les wilayas, par un repr\u00e9sentant des commer\u00e7ants et de l\u2019association de protection du consommateur.<\/div>\n<\/div>\n<p>Auteur: R\u00e9flexion<br \/>\n<a href=\"https:\/\/www.reflexiondz.net\/Kamel-Rezig-s-en-prend-a-la-mafia-du-commerce_a60221.html\">Cliquez ici pour lire l&rsquo;article depuis sa source.<\/a><\/p>\n","protected":false},"excerpt":{"rendered":"<p>Sortie offensive que celle du ministre du Commerce, Kamel Rezig, ce samedi en conf\u00e9rence de presse, sa premi\u00e8re depuis sa nomination, \u00e0 l\u2019issue d\u2019une rencontre avec les cadres de son d\u00e9partement. Le ministre s\u2019en est pris violemment \u00e0 ceux \u00abqui se taisent et ne trouvent aucune explication \u00e0 une situation o\u00f9 le citoyen ne trouve [&hellip;]<\/p>\n","protected":false},"author":1740,"featured_media":0,"comment_status":"closed","ping_status":"closed","sticky":false,"template":"","format":"standard","meta":{"fifu_image_url":"","fifu_image_alt":"","footnotes":""},"categories":[53,76],"tags":[],"class_list":["post-74131","post","type-post","status-publish","format-standard","hentry","category-algerie","category-regions"],"_links":{"self":[{"href":"https:\/\/linitiative.ca\/International\/wp-json\/wp\/v2\/posts\/74131","targetHints":{"allow":["GET"]}}],"collection":[{"href":"https:\/\/linitiative.ca\/International\/wp-json\/wp\/v2\/posts"}],"about":[{"href":"https:\/\/linitiative.ca\/International\/wp-json\/wp\/v2\/types\/post"}],"author":[{"embeddable":true,"href":"https:\/\/linitiative.ca\/International\/wp-json\/wp\/v2\/users\/1740"}],"replies":[{"embeddable":true,"href":"https:\/\/linitiative.ca\/International\/wp-json\/wp\/v2\/comments?post=74131"}],"version-history":[{"count":0,"href":"https:\/\/linitiative.ca\/International\/wp-json\/wp\/v2\/posts\/74131\/revisions"}],"wp:attachment":[{"href":"https:\/\/linitiative.ca\/International\/wp-json\/wp\/v2\/media?parent=74131"}],"wp:term":[{"taxonomy":"category","embeddable":true,"href":"https:\/\/linitiative.ca\/International\/wp-json\/wp\/v2\/categories?post=74131"},{"taxonomy":"post_tag","embeddable":true,"href":"https:\/\/linitiative.ca\/International\/wp-json\/wp\/v2\/tags?post=74131"}],"curies":[{"name":"wp","href":"https:\/\/api.w.org\/{rel}","templated":true}]}}