{"id":74132,"date":"2020-01-24T16:41:13","date_gmt":"2020-01-24T21:41:13","guid":{"rendered":"https:\/\/linitiative.ca\/International\/le-hirak-rejette-lexploitation-du-gaz-de-schiste\/"},"modified":"2020-01-24T16:41:13","modified_gmt":"2020-01-24T21:41:13","slug":"le-hirak-rejette-lexploitation-du-gaz-de-schiste","status":"publish","type":"post","link":"https:\/\/linitiative.ca\/International\/le-hirak-rejette-lexploitation-du-gaz-de-schiste\/","title":{"rendered":"Le hirak rejette l&rsquo;exploitation du gaz de schiste"},"content":{"rendered":"<p><br class=\"autobr\"\/><br \/>\nApr\u00e8s quelques vendredis de repli, le mouvement de contestation pour le changement reprend de plus belle \u00e0 l\u2019entame de son douzi\u00e8me mois. C\u2019est du moins le cas \u00e0 Alger qui a \u00e9t\u00e9 ce vendredi lors de la 49e marche hebdomadaire, le th\u00e9\u00e2tre d\u2019une forte mobilisation, principalement contre l\u2019exploitation du gaz de schiste ce qui a aliment\u00e9 la contestation en ce jour a \u00e9t\u00e9 l\u2019annonce par le pr\u00e9sident de la R\u00e9publique Abdelmadjid Tebboune de l\u2019\u00e9ventualit\u00e9 d\u2019exploitation du gaz de schiste dans le grand Sud. Un sujet qui refait surface apr\u00e8s une accalmie sur cette question d\u2019ordre \u00e9nergique qui ne fait pas l\u2019unanimit\u00e9 des sp\u00e9cialistes.<br \/>Ainsi les rues de la capitale, qui \u00e9taient quasiment d\u00e9sertes dans la matin\u00e9e, ont assist\u00e9 \u00e0 une affluence consid\u00e9rable apr\u00e8s la pri\u00e8re du vendredi.\u00a0Affol\u00e9s par une telle \u00e9ventualit\u00e9, les hirakistes ont \u00e9t\u00e9 nombreux \u00e0 sortir et rejeter l\u2019exploitation du gaz de schiste. \u00ab\u00a0elghaz sakhri machrou3 tadmiri\u00a0\u00bb (le gaz de schiste un projet destructeur) clamaient les marcheurs\u00a0ayant investi massivement\u00a0la rue Mohamed-Belouizdad tout en avan\u00e7ant vers la place\u00a01e-Mai. La foule grandissait progressivement pour former un tsunami qui d\u00e9valait sur la rue Hassiba-Benbouali. Ainsi le paysage \u00e9tait impressionnant lorsque l\u2019on entonnait \u00ab\u00a0kharadjna\u00a0makherjounach lihoud, antoum 3issaba mazel kayene\u00a0chehoud\u00a0\u00bb ( nous sommes sortis ce ne sont pas les juifs qui\u00a0nous ont fait sortir, vous\u00a0\u00eates la bande et il y des\u00a0t\u00e9moins\u00a0!). M\u00eame ambiance constat\u00e9e \u00e0 la place de la Grande Poste o\u00f9 convergent habituellement les trois principaux cort\u00e8ges du Hirak. les manifestants se sont indign\u00e9s, par ailleurs, de l\u2019intensit\u00e9\u00a0du dispositif s\u00e9curitaire\u00a0d\u00e9ploy\u00e9 \u00e0 Alger-centre visant \u00e0 r\u00e9duire l\u2019espace de circulation \u00e0 son minimum. \u00ab\u00a0Hadi doula wala isti3mar\u00a0\u00bb, \u00ab\u00a0yala el3ar 3assima taht elhissar\u00a0\u00bb scandaient-ils en attendant l\u2019arriv\u00e9e\u00a0du cort\u00e8ge de la Casbah\u00a0et de Bab El Oued\u00a0qui\u00a0peinait \u00e0 se frayer\u00a0un chemin\u00a0entre\u00a0les fourgons\u00a0de la police\u00a0align\u00e9s\u00a0sur les\u00a0deux\u00a0c\u00f4t\u00e9s\u00a0de la\u00a0rue Asselah-Hocine et plusieurs\u00a0cordons des forces\u00a0anti\u00e9meute.\u00a0<br \/>\u00c0 ce propos, un manifestant a indiqu\u00e9 \u00ab\u00a0nous sommes pacifiques depuis plus de onze mois. Je ne comprends pas ce que signifient ces mesures de restriction. Nous n\u2019allons pas nous taire\u00a0ni nous arr\u00eater jusqu\u2019\u00e0 la satisfaction de nos revendications\u00a0\u00bb.<br \/>En outre les marcheurs ont d\u00e9cri\u00e9 \u00ab\u00a0les r\u00e9formes engag\u00e9es par le gouvernement en place qu\u2019ils estiment ill\u00e9gitime et r\u00e9it\u00e9r\u00e9 le changement\u00a0radical et la rupture avec l\u2019ordre ancien, \u00e0 m\u00eame d\u2019aller vers une nouvelle Alg\u00e9rie conforme aux aspirations\u00a0du peuple\u00a0\u00bb. Le pr\u00e9sident de la R\u00e9publique Abdelmadjid Tebboune a affirm\u00e9 \u00e0 plusieurs reprises qu\u2019il prendrait en charge les revendications du hirak auquel il a renouvel\u00e9 mercredi dernier devant la presse l\u2019assurance de sa d\u00e9marche de changement \u00e0 commencer par la Constitution.<br \/>La demande de lib\u00e9ration des d\u00e9tenus du Hirak continue de figurer parmi les revendications du mouvement de contestation port\u00e9es depuis presque un an .\u00a0<\/p>\n<p>Auteur: Boudjedri<br \/>\n<a href=\"http:\/\/www.jeune-independant.net\/Le-hirak-rejette-l-exploitation-du.html\">Cliquez ici pour lire l&rsquo;article depuis sa source.<\/a><\/p>\n","protected":false},"excerpt":{"rendered":"<p>Apr\u00e8s quelques vendredis de repli, le mouvement de contestation pour le changement reprend de plus belle \u00e0 l\u2019entame de son douzi\u00e8me mois. C\u2019est du moins le cas \u00e0 Alger qui a \u00e9t\u00e9 ce vendredi lors de la 49e marche hebdomadaire, le th\u00e9\u00e2tre d\u2019une forte mobilisation, principalement contre l\u2019exploitation du gaz de schiste ce qui a [&hellip;]<\/p>\n","protected":false},"author":1737,"featured_media":0,"comment_status":"closed","ping_status":"closed","sticky":false,"template":"","format":"standard","meta":{"fifu_image_url":"","fifu_image_alt":"","footnotes":""},"categories":[73,53],"tags":[],"class_list":["post-74132","post","type-post","status-publish","format-standard","hentry","category-actualite","category-algerie"],"_links":{"self":[{"href":"https:\/\/linitiative.ca\/International\/wp-json\/wp\/v2\/posts\/74132","targetHints":{"allow":["GET"]}}],"collection":[{"href":"https:\/\/linitiative.ca\/International\/wp-json\/wp\/v2\/posts"}],"about":[{"href":"https:\/\/linitiative.ca\/International\/wp-json\/wp\/v2\/types\/post"}],"author":[{"embeddable":true,"href":"https:\/\/linitiative.ca\/International\/wp-json\/wp\/v2\/users\/1737"}],"replies":[{"embeddable":true,"href":"https:\/\/linitiative.ca\/International\/wp-json\/wp\/v2\/comments?post=74132"}],"version-history":[{"count":0,"href":"https:\/\/linitiative.ca\/International\/wp-json\/wp\/v2\/posts\/74132\/revisions"}],"wp:attachment":[{"href":"https:\/\/linitiative.ca\/International\/wp-json\/wp\/v2\/media?parent=74132"}],"wp:term":[{"taxonomy":"category","embeddable":true,"href":"https:\/\/linitiative.ca\/International\/wp-json\/wp\/v2\/categories?post=74132"},{"taxonomy":"post_tag","embeddable":true,"href":"https:\/\/linitiative.ca\/International\/wp-json\/wp\/v2\/tags?post=74132"}],"curies":[{"name":"wp","href":"https:\/\/api.w.org\/{rel}","templated":true}]}}