{"id":74133,"date":"2020-01-25T15:59:10","date_gmt":"2020-01-25T20:59:10","guid":{"rendered":"https:\/\/linitiative.ca\/International\/le-lait-en-etat-de-guerre\/"},"modified":"2020-01-25T15:59:10","modified_gmt":"2020-01-25T20:59:10","slug":"le-lait-en-etat-de-guerre","status":"publish","type":"post","link":"https:\/\/linitiative.ca\/International\/le-lait-en-etat-de-guerre\/","title":{"rendered":"Le lait en \u00e9tat de guerre"},"content":{"rendered":"<p>La p\u00e9nurie du lait en sachets est devenue d\u00e9sormais une litanie. Un phon\u00e8me qui contrarie le citoyen aux faibles revenus mais qui ne semble pas inqui\u00e9ter les producteurs du lait en boite, assur\u00e9s de la disponibilit\u00e9 de leurs produits inaccessibles pour tous. Cette p\u00e9nurie serait due aux \u00e0 la sp\u00e9culation.<br \/>Ainsi, le ministre du Commerce, Kamel Rezig, a d\u00e9cid\u00e9 de d\u00e9clarer la guerre aux commer\u00e7ants sp\u00e9culateurs qui vendent le lait en sachet plus cher que son prix, fix\u00e9 \u00e0 25 DA par l\u2019Etat. Il menace d\u2019agir avec une main de fer \u00e0 la fin de l\u2019ultimatum d\u2019une semaine qui leur est accord\u00e9 pour respecter les prix.<br \/>Le ministre s\u2019est engag\u00e9 donc \u00e0 r\u00e9soudre la probl\u00e9matique de la sp\u00e9culation sur le prix du lait en sachet dans un d\u00e9lai qui ne d\u00e9passera pas une semaine. S\u2019exprimant hier lors d\u2019une r\u00e9union qui l\u2019a regroup\u00e9 avec des cadres du secteur, Rezig a tenu \u00e0 rassurer les citoyens sur la disponibilit\u00e9, d\u00e8s la semaine prochaine, du lait en sachet dans tous les commerces. Il a ordonn\u00e9 la fermeture imm\u00e9diate et \u00e0 partir d\u2019aujourd\u2019hui, de toute laiterie obligeant les commer\u00e7ants \u00e0 acheter du lait de vache, ou autre produit, \u00e0 part le lait conventionn\u00e9. Il a \u00e9galement charg\u00e9 ses services d\u2019emp\u00eacher les distributeurs de transporter tout produit autre que le lait subventionn\u00e9. Les contrevenants feront l\u2019objet de saisie, a-t-il averti.<br \/>Dans le m\u00eame contexte, Rezig a accord\u00e9 un d\u00e9lai d\u2019une semaine aux directions de son minist\u00e8re pour collecter les statistiques relatives au lait, estimant qu\u2019il est inadmissible que les minist\u00e8res du Commerce et de l\u2019Agriculture ne disposent pas d\u2019informations sur la destination du lait. Il a soulign\u00e9 d\u2019autre part que chacun sera tenu responsable de chaque gramme de lait en poudre. Des instructions ont \u00e9t\u00e9 donn\u00e9es \u00e0 tous les directeurs du commerce des wilayas en vue d\u2019appliquer les sanctions \u00e0 l\u2019encontre des contrevenants. Rezig insiste sur l\u2019application du prix du lait en poudre avec la rigueur qu\u2019impose la loi de la R\u00e9publique, et pr\u00e9cise encore que tous les commer\u00e7ants r\u00e9cidivistes passeront devant la justice pour r\u00e9pondre de ces actes de sp\u00e9culation.<br \/>Il faut souligner que le minist\u00e8re du Commerce a commenc\u00e9, dans une premi\u00e8re \u00e9tape, par un travail de sensibilisation de certains commer\u00e7ants qui proc\u00e8dent d\u00e9lib\u00e9r\u00e9ment \u00e0 l\u2019augmentation du prix du sachet de lait, dont le prix est soutenu par l\u2019\u00c9tat.<br \/>Le ministre a lanc\u00e9 la semaine pass\u00e9e, \u00e0 travers son site \u00e9lectronique, un appel \u00e0 tous les citoyens pour \u00ab\u00a0d\u00e9noncer tout commer\u00e7ant vendant le lait en sachet \u00e0 un prix sup\u00e9rieur \u00e0 25 DA\u00a0\u00bb, signalant, en outre, l\u2019intensification des patrouilles de contr\u00f4le aux premi\u00e8res heures de la matin\u00e9e en vue de constater de visu les \u00ab\u00a0d\u00e9passements de certains commer\u00e7ants\u00a0\u00bb, consid\u00e9r\u00e9s par le ministre comme \u00ab\u00a0victimes de certains distributeurs\u00a0\u00bb.<br \/>Le ministre a, par ailleurs, affich\u00e9 la volont\u00e9 de ses services de se pencher sur d\u2019autres produits apr\u00e8s avoir mis fin \u00e0 la crise du lait. Il s\u2019agit, en premier lieu, de lutter contre les sp\u00e9culateurs dans les prix de la semoule et de la farine. Il veillera \u00e9galement \u00e0 ce que tous les produits subventionn\u00e9s soient vendus au prix fix\u00e9 par l\u2019\u00c9tat.<br \/>Selon Rezig, le minist\u00e8re du Commerce \u00e9tablira une base de donn\u00e9es \u00e9lectronique pour surveiller le march\u00e9 et lutter contre la sp\u00e9culation en suivant les prix de gros et de d\u00e9tail.<\/p>\n<p>Auteur: Boudjedri<br \/>\n<a href=\"http:\/\/www.jeune-independant.net\/Le-lait-en-etat-de-guerre.html\">Cliquez ici pour lire l&rsquo;article depuis sa source.<\/a><\/p>\n","protected":false},"excerpt":{"rendered":"<p>La p\u00e9nurie du lait en sachets est devenue d\u00e9sormais une litanie. Un phon\u00e8me qui contrarie le citoyen aux faibles revenus mais qui ne semble pas inqui\u00e9ter les producteurs du lait en boite, assur\u00e9s de la disponibilit\u00e9 de leurs produits inaccessibles pour tous. Cette p\u00e9nurie serait due aux \u00e0 la sp\u00e9culation.Ainsi, le ministre du Commerce, Kamel [&hellip;]<\/p>\n","protected":false},"author":1737,"featured_media":0,"comment_status":"closed","ping_status":"closed","sticky":false,"template":"","format":"standard","meta":{"fifu_image_url":"","fifu_image_alt":"","footnotes":""},"categories":[73,53],"tags":[],"class_list":["post-74133","post","type-post","status-publish","format-standard","hentry","category-actualite","category-algerie"],"_links":{"self":[{"href":"https:\/\/linitiative.ca\/International\/wp-json\/wp\/v2\/posts\/74133","targetHints":{"allow":["GET"]}}],"collection":[{"href":"https:\/\/linitiative.ca\/International\/wp-json\/wp\/v2\/posts"}],"about":[{"href":"https:\/\/linitiative.ca\/International\/wp-json\/wp\/v2\/types\/post"}],"author":[{"embeddable":true,"href":"https:\/\/linitiative.ca\/International\/wp-json\/wp\/v2\/users\/1737"}],"replies":[{"embeddable":true,"href":"https:\/\/linitiative.ca\/International\/wp-json\/wp\/v2\/comments?post=74133"}],"version-history":[{"count":0,"href":"https:\/\/linitiative.ca\/International\/wp-json\/wp\/v2\/posts\/74133\/revisions"}],"wp:attachment":[{"href":"https:\/\/linitiative.ca\/International\/wp-json\/wp\/v2\/media?parent=74133"}],"wp:term":[{"taxonomy":"category","embeddable":true,"href":"https:\/\/linitiative.ca\/International\/wp-json\/wp\/v2\/categories?post=74133"},{"taxonomy":"post_tag","embeddable":true,"href":"https:\/\/linitiative.ca\/International\/wp-json\/wp\/v2\/tags?post=74133"}],"curies":[{"name":"wp","href":"https:\/\/api.w.org\/{rel}","templated":true}]}}