{"id":74134,"date":"2020-01-25T16:12:04","date_gmt":"2020-01-25T21:12:04","guid":{"rendered":"https:\/\/linitiative.ca\/International\/arret-de-la-production-de-la-laiterie-de-draa-ben-khedda\/"},"modified":"2020-01-25T16:12:04","modified_gmt":"2020-01-25T21:12:04","slug":"arret-de-la-production-de-la-laiterie-de-draa-ben-khedda","status":"publish","type":"post","link":"https:\/\/linitiative.ca\/International\/arret-de-la-production-de-la-laiterie-de-draa-ben-khedda\/","title":{"rendered":"Arr\u00eat de la production de la laiterie de Dra\u00e2 Ben Khedda"},"content":{"rendered":"<p>En raison de la poudre de lait jug\u00e9e de tr\u00e8s mauvaise qualit\u00e9, la laiterie de Dra\u00e2 Ben Khedda, dont la production journali\u00e8re est de 300 000 litres, est depuis ce samedi\u00a0en arr\u00eat de production laiti\u00e8re et d\u00e9riv\u00e9s pour trois jours.<br \/>Aussi, pour \u00e9viter d\u2019incommoder sa fid\u00e8le client\u00e8le des diff\u00e9rentes localit\u00e9s de la wilaya de Tizi Ouzou et \u00e9viter ainsi toute p\u00e9nurie de lait, les responsables de cette entreprise ont charg\u00e9 ses 80 livreurs de se ravitailler \u00e0 partir de la laiterie de Boudouaou (Boumerd\u00e8s).<br \/>Nous devons signaler que si les responsables de la laiterie de Dra\u00e2 Ben Khedda ont eu la bonne initiative de faire recours \u00e0 la laiterie de Boudouaou pour ne pas contrarier leurs clients en revanche, leurs livreurs ont manifest\u00e9 leur contrari\u00e9t\u00e9 puisque durant ces trois jours, ils sont tenus d\u2019effectuer un trajet plus long, donc plus co\u00fbteux, sans compter la nouvelle exigence de leur calendrier de travail. En effet, ils sont tenus de se lever plus t\u00f4t que d\u2019habitude et rentrer chez eux peut-\u00eatre plus tard, avec les frais suppl\u00e9mentaires qu\u2019ils sont tenus d\u2019engager. En effectuant un trajet plus long, et les embouteillages pouvant survenir, cela signifie plus de consommation de carburant.<br \/>S\u2019agissant de la quantit\u00e9 de la poudre de lait jug\u00e9e de tr\u00e8s mauvaise qualit\u00e9, les responsables de la laiterie de Dra\u00e2 Ben Khedda ne l\u2019ont pas r\u00e9v\u00e9l\u00e9e. Cependant, l\u2019arr\u00eat de production de lait et d\u00e9riv\u00e9s pendant trois jours sugg\u00e8re qu\u2019elle est importante.\u00a0<\/p>\n<p>Auteur: Boudjedri<br \/>\n<a href=\"http:\/\/www.jeune-independant.net\/Arret-de-la-production-de-la.html\">Cliquez ici pour lire l&rsquo;article depuis sa source.<\/a><\/p>\n","protected":false},"excerpt":{"rendered":"<p>En raison de la poudre de lait jug\u00e9e de tr\u00e8s mauvaise qualit\u00e9, la laiterie de Dra\u00e2 Ben Khedda, dont la production journali\u00e8re est de 300 000 litres, est depuis ce samedi\u00a0en arr\u00eat de production laiti\u00e8re et d\u00e9riv\u00e9s pour trois jours.Aussi, pour \u00e9viter d\u2019incommoder sa fid\u00e8le client\u00e8le des diff\u00e9rentes localit\u00e9s de la wilaya de Tizi Ouzou [&hellip;]<\/p>\n","protected":false},"author":1737,"featured_media":0,"comment_status":"closed","ping_status":"closed","sticky":false,"template":"","format":"standard","meta":{"fifu_image_url":"","fifu_image_alt":"","footnotes":""},"categories":[73,53],"tags":[],"class_list":["post-74134","post","type-post","status-publish","format-standard","hentry","category-actualite","category-algerie"],"_links":{"self":[{"href":"https:\/\/linitiative.ca\/International\/wp-json\/wp\/v2\/posts\/74134","targetHints":{"allow":["GET"]}}],"collection":[{"href":"https:\/\/linitiative.ca\/International\/wp-json\/wp\/v2\/posts"}],"about":[{"href":"https:\/\/linitiative.ca\/International\/wp-json\/wp\/v2\/types\/post"}],"author":[{"embeddable":true,"href":"https:\/\/linitiative.ca\/International\/wp-json\/wp\/v2\/users\/1737"}],"replies":[{"embeddable":true,"href":"https:\/\/linitiative.ca\/International\/wp-json\/wp\/v2\/comments?post=74134"}],"version-history":[{"count":0,"href":"https:\/\/linitiative.ca\/International\/wp-json\/wp\/v2\/posts\/74134\/revisions"}],"wp:attachment":[{"href":"https:\/\/linitiative.ca\/International\/wp-json\/wp\/v2\/media?parent=74134"}],"wp:term":[{"taxonomy":"category","embeddable":true,"href":"https:\/\/linitiative.ca\/International\/wp-json\/wp\/v2\/categories?post=74134"},{"taxonomy":"post_tag","embeddable":true,"href":"https:\/\/linitiative.ca\/International\/wp-json\/wp\/v2\/tags?post=74134"}],"curies":[{"name":"wp","href":"https:\/\/api.w.org\/{rel}","templated":true}]}}