{"id":74135,"date":"2020-01-25T04:22:00","date_gmt":"2020-01-25T09:22:00","guid":{"rendered":"https:\/\/linitiative.ca\/International\/partis-politiques-le-siege-du-rcd-une-nouvelle-fois-quadrille\/"},"modified":"2020-01-25T04:22:00","modified_gmt":"2020-01-25T09:22:00","slug":"partis-politiques-le-siege-du-rcd-une-nouvelle-fois-quadrille","status":"publish","type":"post","link":"https:\/\/linitiative.ca\/International\/partis-politiques-le-siege-du-rcd-une-nouvelle-fois-quadrille\/","title":{"rendered":"Partis politiques : Le si\u00e8ge du RCD une nouvelle fois quadrill\u00e9"},"content":{"rendered":"<h4 class=\"title-14\"\/>\n<div class=\"featured_image\"><img loading=\"lazy\" decoding=\"async\" width=\"1400\" height=\"980\" src=\"https:\/\/www.elwatan.com\/wp-content\/uploads\/2020\/01\/rcd.jpg\" class=\"attachment-post-thumbnail size-post-thumbnail wp-post-image\" alt=\"\" srcset=\"https:\/\/www.elwatan.com\/wp-content\/uploads\/2020\/01\/rcd.jpg 1400w, https:\/\/www.elwatan.com\/wp-content\/uploads\/2020\/01\/rcd-300x210.jpg 300w, https:\/\/www.elwatan.com\/wp-content\/uploads\/2020\/01\/rcd-768x538.jpg 768w, https:\/\/www.elwatan.com\/wp-content\/uploads\/2020\/01\/rcd-1024x717.jpg 1024w, https:\/\/www.elwatan.com\/wp-content\/uploads\/2020\/01\/rcd-1320x924.jpg 1320w\" sizes=\"auto, (max-width: 1400px) 100vw, 1400px\"\/><span class=\"featured-image-caption\">Si\u00e8ge du RCD \u00e0 Alger<\/span><\/div>\n<p class=\"p1\"><span class=\"s1\">L<\/span>es regards \u00e9taient braqu\u00e9s, hier, \u00e0 l\u2019occasion du 49<sup>e<\/sup> vendredi de la protestation, entre autres, vers le si\u00e8ge r\u00e9gional d\u2019Alger du Rassemblement pour la culture et la d\u00e9mocratie (RCD), et ce, suite \u00e0 la \u00abnotification\u00bb adress\u00e9e, mardi dernier, par la wilaya d\u2019Alger au parti, dans laquelle le wali avait exprim\u00e9 ses <em>\u00abpr\u00e9occupations\u00bb<\/em> quant aux suppos\u00e9s <em>\u00abd\u00e9sagr\u00e9ments\u00bb<\/em> que causerait la pr\u00e9sence de militants dans ce si\u00e8ge.<\/p>\n<p class=\"p1\">A cet effet, comme il est de coutume depuis un moment d\u00e9j\u00e0, ce si\u00e8ge a \u00e9t\u00e9 \u00abquadrill\u00e9\u00bb par quelques dizaines de policiers anti\u00e9meute d\u00e8s les premi\u00e8res heures de la journ\u00e9e.<\/p>\n<p class=\"p1\">Deux fourgons de la police \u00e9tait aussi stationn\u00e9s sur place. Vers 11h d\u00e9j\u00e0, militants et sympathisants se sont regroup\u00e9s sur les lieux. Sauf que cette fois-ci, en r\u00e9action certainement \u00e0 cette note de la wilaya, ils \u00e9taient un peu plus nombreux que d\u2019habitude. Comme l\u2019avait promis le RCD, le si\u00e8ge \u00e9tait bien \u00e9videmment ouvert.<\/p>\n<p class=\"p1\">Scandant les slogans habituels du hirak et improvisant un nouveau qui concerne cette derni\u00e8re affaire (la notification de la wilaya, ndlr), les militants du RCD n\u2019ont pas \u00e9t\u00e9 inqui\u00e9t\u00e9s au niveau de ce si\u00e8ge. Les policiers leur demandaient par contre \u00e0 chaque fois de ne pas se mettre sur la voie publique pour <em>\u00abne pas g\u00eaner\u00bb<\/em> la circulation. C\u2019est vers 14h15 que le carr\u00e9 du parti, \u00e0 sa t\u00eate son pr\u00e9sident Mohcine Belabbas, s\u2019est mis en branle.<\/p>\n<p class=\"p1\">L\u00e0 encore, rien de particulier. Or, quelques m\u00e8tres plus bas, au niveau du boulevard Victor Hugo, des policiers ont constitu\u00e9 deux lignes, de chaque c\u00f4t\u00e9 de la chauss\u00e9e, pour, a priori, obliger les manifestants de se mettre sur la voie publique et ne pas occuper les trottoirs, et ce, sur un tron\u00e7on de quelques m\u00e8tres seulement.<\/p>\n<p class=\"p1\">Et c\u2019est l\u00e0 que des policiers en civil ont tent\u00e9 d\u2019intercepter un militant du RCD qui finalement n\u2019a d\u00fb son salut qu\u2019\u00e0 l\u2019intervention des autres manifestants. Un policier a m\u00eame us\u00e9 de gaz lacrymog\u00e8nes. La foule s\u2019est par la suite vite reconstitu\u00e9e et le carr\u00e9 de cette formation politique a poursuivi sa marche.<\/p>\n<p class=\"p1\">Il faut dire que depuis plusieurs semaines d\u00e9j\u00e0, le si\u00e8ge r\u00e9gional du RCD est \u00abquadrill\u00e9\u00bb par un important dispositif de s\u00e9curit\u00e9. <em>\u00abIl y a beaucoup de sympathisants qui viennent au si\u00e8ge les vendredis et il semble que \u00e7a les d\u00e9range\u00bb<\/em>, nous a d\u00e9clar\u00e9 mercredi la d\u00e9put\u00e9e Fetta Sadat.<\/p>\n<p class=\"p1\">D\u2019o\u00f9 cette notification de la wilaya d\u2019Alger que le parti a aussit\u00f4t d\u00e9nonc\u00e9e, la consid\u00e9rant comme une <em>\u00abatteinte aux libert\u00e9s et \u00e0 l\u2019exercice politique\u00bb.<\/em><\/p>\n<p><span class=\"post-views-label\">Post Views:<\/span> <span class=\"post-views-count\">907<\/span><\/p>\n<p><br class=\"c2\"\/><\/p>\n<p>Auteur: Hicham Chouadria<br \/>\n<a href=\"https:\/\/www.elwatan.com\/edition\/actualite\/partis-politiques-le-siege-du-rcd-une-nouvelle-fois-quadrille-25-01-2020\">Cliquez ici pour lire l&rsquo;article depuis sa source.<\/a><\/p>\n","protected":false},"excerpt":{"rendered":"<p>Si\u00e8ge du RCD \u00e0 Alger Les regards \u00e9taient braqu\u00e9s, hier, \u00e0 l\u2019occasion du 49e vendredi de la protestation, entre autres, vers le si\u00e8ge r\u00e9gional d\u2019Alger du Rassemblement pour la culture et la d\u00e9mocratie (RCD), et ce, suite \u00e0 la \u00abnotification\u00bb adress\u00e9e, mardi dernier, par la wilaya d\u2019Alger au parti, dans laquelle le wali avait exprim\u00e9 [&hellip;]<\/p>\n","protected":false},"author":1743,"featured_media":74136,"comment_status":"closed","ping_status":"closed","sticky":false,"template":"","format":"standard","meta":{"fifu_image_url":"","fifu_image_alt":"","footnotes":""},"categories":[73,53],"tags":[],"class_list":["post-74135","post","type-post","status-publish","format-standard","has-post-thumbnail","hentry","category-actualite","category-algerie"],"_links":{"self":[{"href":"https:\/\/linitiative.ca\/International\/wp-json\/wp\/v2\/posts\/74135","targetHints":{"allow":["GET"]}}],"collection":[{"href":"https:\/\/linitiative.ca\/International\/wp-json\/wp\/v2\/posts"}],"about":[{"href":"https:\/\/linitiative.ca\/International\/wp-json\/wp\/v2\/types\/post"}],"author":[{"embeddable":true,"href":"https:\/\/linitiative.ca\/International\/wp-json\/wp\/v2\/users\/1743"}],"replies":[{"embeddable":true,"href":"https:\/\/linitiative.ca\/International\/wp-json\/wp\/v2\/comments?post=74135"}],"version-history":[{"count":0,"href":"https:\/\/linitiative.ca\/International\/wp-json\/wp\/v2\/posts\/74135\/revisions"}],"wp:featuredmedia":[{"embeddable":true,"href":"https:\/\/linitiative.ca\/International\/wp-json\/"}],"wp:attachment":[{"href":"https:\/\/linitiative.ca\/International\/wp-json\/wp\/v2\/media?parent=74135"}],"wp:term":[{"taxonomy":"category","embeddable":true,"href":"https:\/\/linitiative.ca\/International\/wp-json\/wp\/v2\/categories?post=74135"},{"taxonomy":"post_tag","embeddable":true,"href":"https:\/\/linitiative.ca\/International\/wp-json\/wp\/v2\/tags?post=74135"}],"curies":[{"name":"wp","href":"https:\/\/api.w.org\/{rel}","templated":true}]}}