{"id":74137,"date":"2020-01-25T04:24:06","date_gmt":"2020-01-25T09:24:06","guid":{"rendered":"https:\/\/linitiative.ca\/International\/maintenu-en-isolement-a-la-prison-del-harrach-programmation-du-proces-de-fodil-boumala\/"},"modified":"2020-01-25T04:24:06","modified_gmt":"2020-01-25T09:24:06","slug":"maintenu-en-isolement-a-la-prison-del-harrach-programmation-du-proces-de-fodil-boumala","status":"publish","type":"post","link":"https:\/\/linitiative.ca\/International\/maintenu-en-isolement-a-la-prison-del-harrach-programmation-du-proces-de-fodil-boumala\/","title":{"rendered":"Maintenu en isolement \u00e0 la prison d\u2019El Harrach : Programmation du proc\u00e8s de Fodil Boumala"},"content":{"rendered":"<h4 class=\"title-14\"\/>\n<div class=\"featured_image\"><img loading=\"lazy\" decoding=\"async\" width=\"960\" height=\"720\" src=\"https:\/\/www.elwatan.com\/wp-content\/uploads\/2020\/01\/bouamala.jpg\" class=\"attachment-post-thumbnail size-post-thumbnail wp-post-image\" alt=\"Fodil Boumala\" srcset=\"https:\/\/www.elwatan.com\/wp-content\/uploads\/2020\/01\/bouamala.jpg 960w, https:\/\/www.elwatan.com\/wp-content\/uploads\/2020\/01\/bouamala-300x225.jpg 300w, https:\/\/www.elwatan.com\/wp-content\/uploads\/2020\/01\/bouamala-768x576.jpg 768w\" sizes=\"auto, (max-width: 960px) 100vw, 960px\"\/><\/div>\n<p class=\"p3\"><span class=\"s2\">L<\/span><span class=\"s1\">e proc\u00e8s de Fodil Boumala est programm\u00e9 pour dimanche 9 f\u00e9vrier prochain au tribunal de Dar El Be\u00efda (Alger), apprend-on aupr\u00e8s de son avocat, M<sup>e<\/sup> Abdelghani Badi.<\/span><\/p>\n<p class=\"p3\"><span class=\"s1\">Le militant et universitaire Fodil Boumala a \u00e9t\u00e9 plac\u00e9, le 19 septembre 2019, en d\u00e9tention pr\u00e9ventive \u00e0 la prison d\u2019El Harrach (Alger). Les chefs d\u2019inculpation retenus contre lui sont \u00abatteinte \u00e0 l\u2019int\u00e9grit\u00e9 du territoire national\u00bb et \u00abatteinte \u00e0 l\u2019unit\u00e9 nationale\u00bb.<\/span><\/p>\n<p class=\"p3\"><span class=\"s1\">Selon un communiqu\u00e9 rendu public du Comit\u00e9 national pour la lib\u00e9ration des d\u00e9tenus (CNLD) ainsi que de la Ligue des droits de l\u2019homme (LADDH) au lendemain de son arrestation, l\u2019activiste a \u00e9t\u00e9 embarqu\u00e9 le 18 septembre vers 20h30 en bas de chez lui \u00e0 la cit\u00e9 les Bananiers (Bab Ezzouar, Alger) par des agents en civil. Plusieurs demandes de remise en libert\u00e9 d\u00e9pos\u00e9es par les avocats de Boumala ont \u00e9t\u00e9 refus\u00e9es.<\/span><\/p>\n<p class=\"p4\"><span class=\"s1\">Des militants en vue sont toujours incarc\u00e9r\u00e9s, \u00e0 l\u2019instar de Karim Tabbou, pr\u00e9sident de l\u2019Union d\u00e9mocratique et sociale (UDS), Abdelouahab Fersaoui, pr\u00e9sident du Rassemblement Actions Jeunesse (RAJ), et Samir Benlarbi. Ces derniers jours, la machine judiciaire a \u00e9t\u00e9 remise en branle. Le verdict des ex-d\u00e9tenus vendeurs de pin\u2019s, Akram Ghimouz, Abdelkader Bacha, Kheiredine Benzine et Fazil Dechicha, rel\u00e2ch\u00e9s jeudi 2 janvier apr\u00e8s avoir purg\u00e9 la peine de 6 mois de prison, ainsi que les autres qui \u00e9taient sous contr\u00f4le judiciaire, \u00e0 savoir Ghimouz Alaa, Ihaddadene Islam, Bouanani Razane, Gasmi Zineddine, Nefti Belkacem Karim et Ayadi Yakoub, a \u00e9t\u00e9 annonc\u00e9 par la cour d\u2019Alger : relaxe pour tout le monde, a annonc\u00e9 le CNLD. <em>\u00abPour rappel, tous les concern\u00e9s ont \u00e9t\u00e9 condamn\u00e9s \u00e0 6 mois de prison ferme lors du proc\u00e8s du 18 novembre dernier par le tribunal de Sidi M\u2019hamed, dont le verdict a \u00e9t\u00e9 prononc\u00e9 le 25 novembre et confirm\u00e9 par le procureur de la cour d\u2019Alger (Ruisseau) mercredi 15 janvier\u00bb,<\/em> pr\u00e9cise le comit\u00e9. Plusieurs autres affaires d\u2019activistes du mouvement populaire ont \u00e9t\u00e9 reprogramm\u00e9es pour les prochains jours.<\/span><\/p>\n<p class=\"p4\"><span class=\"s1\">Le proc\u00e8s de Abdelkrim Zeghileche et Lynda Nacer report\u00e9 pour la troisi\u00e8me fois par le tribunal de Constantine, au mercredi 5 f\u00e9vrier prochain. Par contre, le tribunal vient de notifier \u00e0 une troisi\u00e8me personne (un certain Bouhelati) qu\u2019il est aussi coaccus\u00e9 dans le m\u00eame dossier pour \u00abattroupement non arm\u00e9\u00bb, signale le CNLD.<\/span><\/p>\n<p class=\"p4\"><span class=\"s1\">Le proc\u00e8s des ex-d\u00e9tenus Boudjemil Mohamed, Ali Ider, Akbi Akli, Lekehal Ali et Hamza Karoun \u00e0 la cour d\u2019Alger (Ruisseau) est report\u00e9 au mercredi 18 mars prochain. Les concern\u00e9s ont \u00e9t\u00e9 relax\u00e9s le 13 novembre par le tribunal de Bab El Oued apr\u00e8s leur arrestation le 21 juin pour \u00abport du drapeau amazigh\u00bb, a indiqu\u00e9 le comit\u00e9. Ce dernier a annonc\u00e9 que la cour d\u2019El Tarf a condamn\u00e9 l\u2019activiste blogueur Zakaria Elmonkid Korfa \u00e0<\/span> <span class=\"s1\">100 000 DA d\u2019amende, alors qu\u2019il avait \u00e9t\u00e9 condamn\u00e9 par le tribunal de Dr\u00e9an \u00e0 500 000 DA pour l\u2019accusation d\u2019\u00aboutrage \u00e0 corps constitu\u00e9 (ANP)\u00bb.<\/span><\/p>\n<p class=\"p4\"><span class=\"s1\">La m\u00eame cour a renvoy\u00e9 l\u2019autre proc\u00e8s de Zakaria Elmonkid Korfa et Badreddine Korfa, au 3 f\u00e9vrier prochain, alors qu\u2019ils ont \u00e9t\u00e9 condamn\u00e9s \u00e0 6 mois avec sursis et 50 000 DA d\u2019amende chacun, pour \u00aboutrage \u00e0 corps constitu\u00e9\u00bb et \u00abphotographie sans autorisation\u00bb.<\/span><\/p>\n<p><span class=\"post-views-label\">Post Views:<\/span> <span class=\"post-views-count\">2\u00a0133<\/span><\/p>\n<p><br class=\"c2\"\/><\/p>\n<p>Auteur: Hicham Chouadria<br \/>\n<a href=\"https:\/\/www.elwatan.com\/edition\/actualite\/maintenu-en-isolement-a-la-prison-del-harrach-programmation-du-proces-de-fodil-boumala-25-01-2020\">Cliquez ici pour lire l&rsquo;article depuis sa source.<\/a><\/p>\n","protected":false},"excerpt":{"rendered":"<p>Le proc\u00e8s de Fodil Boumala est programm\u00e9 pour dimanche 9 f\u00e9vrier prochain au tribunal de Dar El Be\u00efda (Alger), apprend-on aupr\u00e8s de son avocat, Me Abdelghani Badi. Le militant et universitaire Fodil Boumala a \u00e9t\u00e9 plac\u00e9, le 19 septembre 2019, en d\u00e9tention pr\u00e9ventive \u00e0 la prison d\u2019El Harrach (Alger). Les chefs d\u2019inculpation retenus contre lui [&hellip;]<\/p>\n","protected":false},"author":1743,"featured_media":74138,"comment_status":"closed","ping_status":"closed","sticky":false,"template":"","format":"standard","meta":{"fifu_image_url":"","fifu_image_alt":"","footnotes":""},"categories":[73,53],"tags":[],"class_list":["post-74137","post","type-post","status-publish","format-standard","has-post-thumbnail","hentry","category-actualite","category-algerie"],"_links":{"self":[{"href":"https:\/\/linitiative.ca\/International\/wp-json\/wp\/v2\/posts\/74137","targetHints":{"allow":["GET"]}}],"collection":[{"href":"https:\/\/linitiative.ca\/International\/wp-json\/wp\/v2\/posts"}],"about":[{"href":"https:\/\/linitiative.ca\/International\/wp-json\/wp\/v2\/types\/post"}],"author":[{"embeddable":true,"href":"https:\/\/linitiative.ca\/International\/wp-json\/wp\/v2\/users\/1743"}],"replies":[{"embeddable":true,"href":"https:\/\/linitiative.ca\/International\/wp-json\/wp\/v2\/comments?post=74137"}],"version-history":[{"count":0,"href":"https:\/\/linitiative.ca\/International\/wp-json\/wp\/v2\/posts\/74137\/revisions"}],"wp:featuredmedia":[{"embeddable":true,"href":"https:\/\/linitiative.ca\/International\/wp-json\/"}],"wp:attachment":[{"href":"https:\/\/linitiative.ca\/International\/wp-json\/wp\/v2\/media?parent=74137"}],"wp:term":[{"taxonomy":"category","embeddable":true,"href":"https:\/\/linitiative.ca\/International\/wp-json\/wp\/v2\/categories?post=74137"},{"taxonomy":"post_tag","embeddable":true,"href":"https:\/\/linitiative.ca\/International\/wp-json\/wp\/v2\/tags?post=74137"}],"curies":[{"name":"wp","href":"https:\/\/api.w.org\/{rel}","templated":true}]}}