{"id":74141,"date":"2020-01-25T04:28:35","date_gmt":"2020-01-25T09:28:35","guid":{"rendered":"https:\/\/linitiative.ca\/International\/la-wilaya-dalger-refuse-de-leur-delivrer-lautorisation-les-assises-de-la-democratie-auront-lieu-au-siege-du-rcd\/"},"modified":"2020-01-25T04:28:35","modified_gmt":"2020-01-25T09:28:35","slug":"la-wilaya-dalger-refuse-de-leur-delivrer-lautorisation-les-assises-de-la-democratie-auront-lieu-au-siege-du-rcd","status":"publish","type":"post","link":"https:\/\/linitiative.ca\/International\/la-wilaya-dalger-refuse-de-leur-delivrer-lautorisation-les-assises-de-la-democratie-auront-lieu-au-siege-du-rcd\/","title":{"rendered":"La wilaya d\u2019Alger refuse de leur d\u00e9livrer l\u2019autorisation : Les assises de la d\u00e9mocratie auront lieu au si\u00e8ge du RCD"},"content":{"rendered":"<h4 class=\"title-14\"\/>\n<div class=\"featured_image\"><img loading=\"lazy\" decoding=\"async\" width=\"1317\" height=\"641\" src=\"https:\/\/www.elwatan.com\/wp-content\/uploads\/2019\/09\/alternative-d%C3%A9mocratique.jpg\" class=\"attachment-post-thumbnail size-post-thumbnail wp-post-image\" alt=\"\" srcset=\"https:\/\/www.elwatan.com\/wp-content\/uploads\/2019\/09\/alternative-d\u00e9mocratique.jpg 1317w, https:\/\/www.elwatan.com\/wp-content\/uploads\/2019\/09\/alternative-d\u00e9mocratique-300x146.jpg 300w, https:\/\/www.elwatan.com\/wp-content\/uploads\/2019\/09\/alternative-d\u00e9mocratique-768x374.jpg 768w, https:\/\/www.elwatan.com\/wp-content\/uploads\/2019\/09\/alternative-d\u00e9mocratique-1024x498.jpg 1024w\" sizes=\"auto, (max-width: 1317px) 100vw, 1317px\"\/><span class=\"featured-image-caption\">Les Forces de l\u2019alternative d\u00e9mocratique. Photo : RCD<\/span><\/div>\n<p class=\"p1\"><span class=\"s1\">I<\/span>nitialement pr\u00e9vues \u00e0 la Safex, les assises nationales de la d\u00e9mocratie initi\u00e9es par les forces du Pacte de l\u2019alternative d\u00e9mocratique (PAD) se tiendront finalement, aujourd\u2019hui, au si\u00e8ge du RCD.<\/p>\n<p class=\"p1\">La raison\u00a0: le refus de la wilaya d\u2019Alger de leur d\u00e9livrer une autorisation alors que la Safex avait confirm\u00e9 la r\u00e9servation. Les forces du PAD n\u2019en sont pas \u00e0 un premier refus. Elles ont d\u00e9j\u00e0 essuy\u00e9 des rejets de leur demandes en juin, en ao\u00fbt et en septembre 2019. De quoi le pouvoir a-t-il peur\u00a0? Ce refus, qui intervient au moment o\u00f9 le locataire actuel d\u2019El Mouradia parle d\u2019une nouvelle R\u00e9publique, conforte ces partis de l\u2019opposition dans leur position.<\/p>\n<p class=\"p1\">Pour eux, rien n\u2019a chang\u00e9, puisque le pouvoir persiste dans sa d\u00e9marche autoritaire en refusant toute voix discordante et contraire \u00e0 sa feuille de route. <em>\u00abNous avons la confirmation de la r\u00e9servation de la Safex, mais pas l\u2019autorisation administrative de la wilaya. Le pouvoir a instruit la wilaya d\u2019Alger pour refuser tacitement l\u2019autorisation de la tenue des assises pr\u00e9vues pour aujourd\u2019hui\u00bb<\/em>, s\u2019insurge Zoubida Assoul, leader de l\u2019Union pour le changement et le progr\u00e8s (UFC) et membre du PAD. Ce refus n\u2019a pas surpris les animateurs de cette action.<\/p>\n<p class=\"p1\">Pourquoi\u00a0? Deux jours avant le jour \u00abJ\u00bb, un repr\u00e9sentant du PAD s\u2019est d\u00e9plac\u00e9 \u00e0 la wilaya d\u2019Alger pour s\u2019enqu\u00e9rir de la suite donn\u00e9e \u00e0 cette demande d\u2019autorisation, le responsable de la DRAG lui a signifi\u00e9 qu\u2019il attend toujours les instructions d\u2019en haut et qu\u2019il le contacterait par t\u00e9l\u00e9phone d\u00e8s qu\u2019il sera instruit des suites \u00e0 donner \u00e0 leur demande. Hier, point d\u2019autorisation\u00a0! <em>\u00abA 24 heures de la tenue des assises nationales pour l\u2019alternative d\u00e9mocratique et la souverainet\u00e9 populaire, les autorit\u00e9s de fait viennent de signifier tacitement le refus de l\u2019organisation de ces assises, malgr\u00e9 l\u2019accord \u00e9crit de l\u2019administration de la Safex d\u00e9livr\u00e9 \u00e0 l\u2019UCP\u00bb<\/em>, notent dans un communiqu\u00e9 rendu public hier les acteurs politiques du PAD Tout en d\u00e9non\u00e7ant et condamnant \u00e9nergiquement ce refus suppl\u00e9mentaire, en prenant \u00e0 t\u00e9moin l\u2019opinion publique nationale quant aux <em>\u00abatteintes r\u00e9p\u00e9t\u00e9es\u00bb<\/em> aux libert\u00e9s, les forces du PAD soulignent qu\u2019aujourd\u2019hui les professions de foi du pouvoir se heurtent \u00e0 la r\u00e9alit\u00e9 de son autoritarisme. <em>\u00abComme par le pass\u00e9, les autorit\u00e9s de fait continuent d\u2019user du \u2018\u2018double langage\u2019\u2019 : un discours officiel teint\u00e9 \u2018\u2018d\u2019ouverture et d\u2019apaisement\u2019\u2019 qui contraste avec les faits sur le terrain marqu\u00e9s par le dispositif r\u00e9pressif toujours en place et par la fermeture herm\u00e9tique du champ politique et m\u00e9diatique\u00bb<\/em>, avise le PAD qui regroupe le RCD, le PT, le PST, le FFS, le MDS, l\u2019UCP et la LADDH.<\/p>\n<p class=\"p1\">Le PAD exige la <em>\u00ablev\u00e9e imm\u00e9diate\u00bb<\/em> de toutes les entraves \u00e0 l\u2019exercice politique pacifique et que <em>\u00abcessent imm\u00e9diatement\u00bb<\/em> les atteintes aux libert\u00e9s d\u00e9mocratiques. Donc, faute d\u2019autorisation, les forces du PAD ont d\u00e9cid\u00e9 de maintenir leurs assises au si\u00e8ge du RCD \u00e0 El Biar. <em>\u00abMalgr\u00e9 toutes les entraves, nous sommes plus que jamais d\u00e9termin\u00e9s \u00e0 poursuivre notre lutte jusqu\u2019\u00e0 la satisfaction pleine et enti\u00e8re des aspirations l\u00e9gitimes du peuple alg\u00e9rien\u00bb<\/em>, affirment les membres du PAD. Notons que plus de 300 participants, dont de nombreuses personnalit\u00e9s politiques et de la soci\u00e9t\u00e9 civile sont attendues \u00e0 ces assises.<\/p>\n<p><span class=\"post-views-label\">Post Views:<\/span> <span class=\"post-views-count\">4\u00a0081<\/span><\/p>\n<p><br class=\"c2\"\/><\/p>\n<p>Auteur: Hicham Chouadria<br \/>\n<a href=\"https:\/\/www.elwatan.com\/edition\/actualite\/la-wilaya-dalger-refuse-de-leur-delivrer-lautorisation-les-assises-de-la-democratie-auront-lieu-au-siege-du-rcd-25-01-2020\">Cliquez ici pour lire l&rsquo;article depuis sa source.<\/a><\/p>\n","protected":false},"excerpt":{"rendered":"<p>Les Forces de l\u2019alternative d\u00e9mocratique. Photo : RCD Initialement pr\u00e9vues \u00e0 la Safex, les assises nationales de la d\u00e9mocratie initi\u00e9es par les forces du Pacte de l\u2019alternative d\u00e9mocratique (PAD) se tiendront finalement, aujourd\u2019hui, au si\u00e8ge du RCD. La raison\u00a0: le refus de la wilaya d\u2019Alger de leur d\u00e9livrer une autorisation alors que la Safex avait [&hellip;]<\/p>\n","protected":false},"author":1743,"featured_media":74142,"comment_status":"closed","ping_status":"closed","sticky":false,"template":"","format":"standard","meta":{"fifu_image_url":"","fifu_image_alt":"","footnotes":""},"categories":[73,53],"tags":[],"class_list":["post-74141","post","type-post","status-publish","format-standard","has-post-thumbnail","hentry","category-actualite","category-algerie"],"_links":{"self":[{"href":"https:\/\/linitiative.ca\/International\/wp-json\/wp\/v2\/posts\/74141","targetHints":{"allow":["GET"]}}],"collection":[{"href":"https:\/\/linitiative.ca\/International\/wp-json\/wp\/v2\/posts"}],"about":[{"href":"https:\/\/linitiative.ca\/International\/wp-json\/wp\/v2\/types\/post"}],"author":[{"embeddable":true,"href":"https:\/\/linitiative.ca\/International\/wp-json\/wp\/v2\/users\/1743"}],"replies":[{"embeddable":true,"href":"https:\/\/linitiative.ca\/International\/wp-json\/wp\/v2\/comments?post=74141"}],"version-history":[{"count":0,"href":"https:\/\/linitiative.ca\/International\/wp-json\/wp\/v2\/posts\/74141\/revisions"}],"wp:featuredmedia":[{"embeddable":true,"href":"https:\/\/linitiative.ca\/International\/wp-json\/"}],"wp:attachment":[{"href":"https:\/\/linitiative.ca\/International\/wp-json\/wp\/v2\/media?parent=74141"}],"wp:term":[{"taxonomy":"category","embeddable":true,"href":"https:\/\/linitiative.ca\/International\/wp-json\/wp\/v2\/categories?post=74141"},{"taxonomy":"post_tag","embeddable":true,"href":"https:\/\/linitiative.ca\/International\/wp-json\/wp\/v2\/tags?post=74141"}],"curies":[{"name":"wp","href":"https:\/\/api.w.org\/{rel}","templated":true}]}}