{"id":74145,"date":"2020-01-25T03:00:00","date_gmt":"2020-01-25T08:00:00","guid":{"rendered":"https:\/\/linitiative.ca\/International\/pacte-pour-la-competitivite-economique-et-lequite-sociale-pour-une-republique-contractuelle\/"},"modified":"2020-01-25T03:00:00","modified_gmt":"2020-01-25T08:00:00","slug":"pacte-pour-la-competitivite-economique-et-lequite-sociale-pour-une-republique-contractuelle","status":"publish","type":"post","link":"https:\/\/linitiative.ca\/International\/pacte-pour-la-competitivite-economique-et-lequite-sociale-pour-une-republique-contractuelle\/","title":{"rendered":"Pacte pour la comp\u00e9titivit\u00e9 \u00e9conomique et l\u2019\u00e9quit\u00e9 sociale Pour une \u00abR\u00e9publique contractuelle\u00bb"},"content":{"rendered":"<p><span class=\"c2\">S\u2019il est normal qu\u2019un pays en transition connaisse des difficult\u00e9s \u00e9conomiques, il est n\u00e9anmoins constat\u00e9 que dans les transitions r\u00e9ussies, la croissance reprend au terme de 3 \u00e0 5 ans (\u00abcourbe en J \u00bb), alors que la Tunisie a entam\u00e9 sa 9e ann\u00e9e sans reprise. Si une telle situation perdurait, elle risquerait de conduire \u00e0 l\u2019\u00e9chec de notre transition. La Tunisie a donc besoin d\u2019un v\u00e9ritable choc de confiance pour faire face \u00e0 ce danger.<\/span><\/p>\n<p>Or \u00e9tant donn\u00e9 la complexit\u00e9 du contexte politique, il appara\u00eet qu\u2019aucun gouvernement ne pourra, \u00e0 lui seul, mettre en \u0153uvre les politiques \u00e9conomiques ambitieuses dont le pays a grand besoin sans les faire porter par l\u2019ensemble des parties prenantes, pouvoirs publics et partenaires sociaux (Ugtt, Utica\u2026), \u00e0 travers un mode op\u00e9ratoire participatif: le Pacte pour la comp\u00e9titivit\u00e9 \u00e9conomique et l\u2019\u00e9quit\u00e9 sociale, instrument cl\u00e9 de la \u00abR\u00e9publique contractuelle\u00bb.<\/p>\n<p>Un tel pacte s\u2019inscrit dans une vision de politique \u00e9conomique que l\u2019on veut pour la Tunisie qui repose sur l\u2019instauration d\u2019un Etat de droit, d\u00e9veloppementaliste, \u00e0 la fois social et \u00abbusiness friendly\u00bb pour une Tunisie partie prenante du monde de la production et de la cr\u00e9ation de valeur et non acteur passif dans la division internationale du travail, simple consommateur et importateur en voie de d\u00e9sindustrialisation. Pour cela, il faut mettre en \u0153uvre toute la panoplie de m\u00e9canismes de politiques publiques avec pour objectif d\u2019instaurer une discrimination positive en faveur des activit\u00e9s de production au d\u00e9triment des activit\u00e9s de circulation : importations, rentes\u2026<\/p>\n<p>L\u2019objet du Pacte est d\u2019assurer une mobilisation nationale autour d\u2019objectifs ambitieux mais r\u00e9alistes \u00e0 l\u2019horizon 2025. L\u2019Etat s\u2019engagerait sur la mise en \u0153uvre des mesures horizontales et sectorielles sp\u00e9cifiques. Les partenaires sociaux s\u2019engageraient sur la r\u00e9alisation d\u2019objectifs d\u2019investissement, d\u2019exportation, d\u2019emplois, d\u2019innovation et de RSE.<\/p>\n<p>Cinq objectifs principaux assign\u00e9s au Pacte \u00e0 l\u2019horizon 2025<\/p>\n<ul>\n<li>4,5 % de croissance du Produit int\u00e9rieur brut contre 2,5% en 2018<\/li>\n<li>Des exportations de biens \u00e0 90 milliards de dinars contre 41 milliards en 2018<\/li>\n<li>Un taux d\u2019investissement public et priv\u00e9 de 24 % du PIB contre 19,6 % en 2018 (47 milliards d\u2019investissements en 2025 contre 20 milliards en 2018)<\/li>\n<li>Une cr\u00e9ation de 84 000 emplois\/an \u00e0 partir de 2024 contre 28 000 en 2018<\/li>\n<li>Faire partie du Top 50 des classements Davos et Doing Business.<\/li>\n<\/ul>\n<p>4,5 % de croissance en 2025 peut para\u00eetre un objectif timor\u00e9 mais l\u2019effort d\u2019investissement qu\u2019il suppose (doubler les exportations et les investissements globaux et tripler les investissements priv\u00e9s et les investissements industriels) fait que des objectifs plus ambitieux seraient tout simplement populistes.<\/p>\n<p>Le Pacte comprend 87 mesures et engagements pour la comp\u00e9titivit\u00e9 \u00e9conomique et l\u2019\u00e9quit\u00e9 sociale, r\u00e9partis en 53 mesures \u00e0 mettre en \u0153uvre par l\u2019Etat et 34 engagements des partenaires sociaux.<\/p>\n<p>Dans ce cadre, nous pouvons affirmer que le Pacte sera autofinanc\u00e9, le co\u00fbt des mesures propos\u00e9es \u00e9tant compens\u00e9 par les effets induits en termes de croissance et d\u2019inclusion de l\u2019informel. Il ne s\u2019agit donc pas d\u2019une relance keyn\u00e9sienne, mais d\u2019interventions cibl\u00e9es.<\/p>\n<p>Enfin, ce Pacte pour la comp\u00e9titivit\u00e9 \u00e9conomique et l\u2019\u00e9quit\u00e9 sociale qui s\u2019inscrit dans le cadre de vingt pactes th\u00e9matiques et sectoriels selon la r\u00e9partition suivante:<\/p>\n<ul>\n<li>Pacte pour la comp\u00e9titivit\u00e9 \u00e9conomique et l\u2019\u00e9quit\u00e9 sociale, centr\u00e9 sur les secteurs productifs, et 16 pactes de fili\u00e8res associ\u00e9s: (\u00e9nergie, phosphate, composants automobiles, composants a\u00e9ronautiques, TIC, textile, industrie pharmaceutique, huile d\u2019olive, dattes, BTP, logistique, environnement\u2026).<\/li>\n<li>Pacte contre la pauvret\u00e9 et la pr\u00e9carit\u00e9<\/li>\n<li>Pacte pour la restructuration des entreprises publiques<\/li>\n<li>Pacte pour la ma\u00eetrise des grands \u00e9quilibres macro\u00e9conomiques<\/li>\n<\/ul>\n<p>Les conditions de r\u00e9ussite et de mise en \u0153uvre de ces pactes sont tributaires de la c\u00e9l\u00e9rit\u00e9 de leur adoption et de leur mise en \u0153uvre qui n\u00e9cessite une gouvernance exceptionnelle et appropri\u00e9e \u00e0 travers la mise en place d\u2019instances de pilotage impliquant toutes les parties prenantes ainsi que la d\u00e9finition pr\u00e9cise des responsabilit\u00e9s et des calendriers.<\/p>\n<p>En conclusion, il est certain que la Tunisie n\u2019a plus droit \u00e0 l\u2019erreur, notre pays peut et doit s\u2019en sortir, les solutions existent, encore faudrait-il mobiliser toutes les \u00e9nergies pour les mettre en \u0153uvre et il est certain que si la Tunisie se pr\u00e9sentait en rangs serr\u00e9s, pouvoirs publics et organisations nationales, sur la base de pactes conjoints, cela constituerait le choc de confiance recherch\u00e9 qui s\u2019imposera tant sur le plan national que sur le plan international.<\/p>\n<p class=\"c3\"><strong>Afif Chelbi<\/strong><\/p>\n<p class=\"c3\">\u00a0<\/p>\n<p class=\"c4\"><strong><a href=\"https:\/\/www.leaders.com.tn\/le_mensuel_abonnez_vous\" target=\"_blank\" rel=\"noopener noreferrer\"><img loading=\"lazy\" decoding=\"async\" src=\"\/uploads\/FCK_files\/Bandeau-Leaders-1-copie(24).jpg\" alt=\"\" width=\"500\" vspace=\"5\" hspace=\"5\" height=\"128\" align=\"middle\"\/><\/a><\/strong><\/p>\n<p>Auteur:<br \/>\n<a href=\"https:\/\/www.leaders.com.tn\/article\/28960-pacte-pour-la-competitivite-economique-et-l-equite-sociale-pour-une-republique-contractuelle\">Cliquez ici pour lire l&rsquo;article depuis sa source.<\/a><\/p>\n","protected":false},"excerpt":{"rendered":"<p>S\u2019il est normal qu\u2019un pays en transition connaisse des difficult\u00e9s \u00e9conomiques, il est n\u00e9anmoins constat\u00e9 que dans les transitions r\u00e9ussies, la croissance reprend au terme de 3 \u00e0 5 ans (\u00abcourbe en J \u00bb), alors que la Tunisie a entam\u00e9 sa 9e ann\u00e9e sans reprise. Si une telle situation perdurait, elle risquerait de conduire \u00e0 [&hellip;]<\/p>\n","protected":false},"author":1772,"featured_media":74146,"comment_status":"closed","ping_status":"closed","sticky":false,"template":"","format":"standard","meta":{"fifu_image_url":"","fifu_image_alt":"","footnotes":""},"categories":[73,55],"tags":[],"class_list":["post-74145","post","type-post","status-publish","format-standard","has-post-thumbnail","hentry","category-actualite","category-tunisie"],"_links":{"self":[{"href":"https:\/\/linitiative.ca\/International\/wp-json\/wp\/v2\/posts\/74145","targetHints":{"allow":["GET"]}}],"collection":[{"href":"https:\/\/linitiative.ca\/International\/wp-json\/wp\/v2\/posts"}],"about":[{"href":"https:\/\/linitiative.ca\/International\/wp-json\/wp\/v2\/types\/post"}],"author":[{"embeddable":true,"href":"https:\/\/linitiative.ca\/International\/wp-json\/wp\/v2\/users\/1772"}],"replies":[{"embeddable":true,"href":"https:\/\/linitiative.ca\/International\/wp-json\/wp\/v2\/comments?post=74145"}],"version-history":[{"count":0,"href":"https:\/\/linitiative.ca\/International\/wp-json\/wp\/v2\/posts\/74145\/revisions"}],"wp:featuredmedia":[{"embeddable":true,"href":"https:\/\/linitiative.ca\/International\/wp-json\/"}],"wp:attachment":[{"href":"https:\/\/linitiative.ca\/International\/wp-json\/wp\/v2\/media?parent=74145"}],"wp:term":[{"taxonomy":"category","embeddable":true,"href":"https:\/\/linitiative.ca\/International\/wp-json\/wp\/v2\/categories?post=74145"},{"taxonomy":"post_tag","embeddable":true,"href":"https:\/\/linitiative.ca\/International\/wp-json\/wp\/v2\/tags?post=74145"}],"curies":[{"name":"wp","href":"https:\/\/api.w.org\/{rel}","templated":true}]}}