{"id":74150,"date":"2020-01-25T16:30:12","date_gmt":"2020-01-25T21:30:12","guid":{"rendered":"https:\/\/linitiative.ca\/International\/ligue-des-champions-dafrique-le-raja-se-qualifie-pour-le-prochain-tour\/"},"modified":"2020-01-25T16:30:12","modified_gmt":"2020-01-25T21:30:12","slug":"ligue-des-champions-dafrique-le-raja-se-qualifie-pour-le-prochain-tour","status":"publish","type":"post","link":"https:\/\/linitiative.ca\/International\/ligue-des-champions-dafrique-le-raja-se-qualifie-pour-le-prochain-tour\/","title":{"rendered":"Ligue des champions d\u2019Afrique : Le Raja se qualifie pour le prochain tour"},"content":{"rendered":"<p><strong>Le Raja de Casablanca a d\u00e9croch\u00e9 le nul (2-2) face l\u2019Esp\u00e9rance sportive de Tunis lors d\u2019un match jou\u00e9, samedi soir \u00e0 Rad\u00e8s (balieue de Tunis) pour le compte de la 5e journ\u00e9e de la phase de groupes (Gr D) de la Ligue des champions d\u2019Afrique de football.<\/strong><\/p>\n<div class=\"c10\"\/>\n<p>Les buts des Verts \u00e9taient l\u2019\u0153uvre de Fabrice Ngah \u00e0 la 49\u00e8 minutes et Badr Banoun (67\u00e8), alors que la formation tunisoise a marqu\u00e9 son premier but \u00e0 32\u00e8 minutes gr\u00e2ce \u00e0 Raouf Benguit, avant que Fadi Ben Choug n\u2019\u00e9galise le score \u00e0 la 81\u00e8 minutes.<\/p>\n<div class=\"wp-block-embed__wrapper\">\n<div class=\"fb-post\" data-href=\"https:\/\/www.facebook.com\/Mfmsport.ma\/photos\/a.1139502939531061\/1633045960176754\/?type=3&#038;theater\" data-width=\"750\">\n<blockquote cite=\"https:\/\/www.facebook.com\/Mfmsport.ma\/photos\/a.1139502939531061\/1633045960176754\/?type=3\" class=\"fb-xfbml-parse-ignore\">\n<p>\u0625\u0628\u062f\u0627\u0639\u0627\u062a \u0627\u0644\u0643\u0648\u0631\u0641\u0627 \u0633\u0648\u062f \u062a\u0635\u0644 \u0625\u0644\u0649 \u0645\u0644\u0639\u0628 #\u0631\u0627\u062f\u0633 \u0641\u064a \u062a\u0648\u0646\u0633 \ud83d\udd25\ud83d\udd25#MFMSPORT #RAJA #RCA #TARAJI #TUNUSIE<\/p>\n<p>Publi\u00e9e par <a href=\"https:\/\/www.facebook.com\/Mfmsport.ma\/\">MFM Sport<\/a> sur\u00a0<a href=\"https:\/\/www.facebook.com\/Mfmsport.ma\/photos\/a.1139502939531061\/1633045960176754\/?type=3\">Samedi 25 janvier 2020<\/a><\/p><\/blockquote>\n<\/div>\n<\/div>\n<p>Gr\u00e2ce \u00e0 ce r\u00e9sultat, les deux \u00e9quipes assurent leur qualification au prochain tour de la comp\u00e9tition (quarts de finale).<\/p>\n<p>L\u2019entraineur des Verts, Jamal Sellami, avait affirm\u00e9, vendredi soir lors d\u2019une conf\u00e9rence de presse, que son \u00e9quipe a fait le d\u00e9placement \u00e0 Tunis afin d\u2019obtenir un r\u00e9sultat positif.<\/p>\n<div class=\"c17\">\n<fieldset class=\"c16\">\n<legend><strong><span class=\"c11\">Challenge<\/span><span class=\"c12\">news<\/span><\/strong><\/legend>\n<div class=\"c15\">Le meilleur de Challenge s\u00e9lectionn\u00e9 par la r\u00e9daction :<\/p>\n<\/div>\n<\/fieldset>\n<\/div>\n<p>Auteur: challenge<br \/>\n<a href=\"https:\/\/www.challenge.ma\/ligue-des-champions-dafrique-le-raja-se-qualifie-pour-le-prochain-tour-129017\/\">Cliquez ici pour lire l&rsquo;article depuis sa source.<\/a><\/p>\n","protected":false},"excerpt":{"rendered":"<p>Le Raja de Casablanca a d\u00e9croch\u00e9 le nul (2-2) face l\u2019Esp\u00e9rance sportive de Tunis lors d\u2019un match jou\u00e9, samedi soir \u00e0 Rad\u00e8s (balieue de Tunis) pour le compte de la 5e journ\u00e9e de la phase de groupes (Gr D) de la Ligue des champions d\u2019Afrique de football. Les buts des Verts \u00e9taient l\u2019\u0153uvre de Fabrice [&hellip;]<\/p>\n","protected":false},"author":1787,"featured_media":0,"comment_status":"closed","ping_status":"closed","sticky":false,"template":"","format":"standard","meta":{"fifu_image_url":"","fifu_image_alt":"","footnotes":""},"categories":[78,54],"tags":[],"class_list":["post-74150","post","type-post","status-publish","format-standard","hentry","category-economie","category-maroc"],"_links":{"self":[{"href":"https:\/\/linitiative.ca\/International\/wp-json\/wp\/v2\/posts\/74150","targetHints":{"allow":["GET"]}}],"collection":[{"href":"https:\/\/linitiative.ca\/International\/wp-json\/wp\/v2\/posts"}],"about":[{"href":"https:\/\/linitiative.ca\/International\/wp-json\/wp\/v2\/types\/post"}],"author":[{"embeddable":true,"href":"https:\/\/linitiative.ca\/International\/wp-json\/wp\/v2\/users\/1787"}],"replies":[{"embeddable":true,"href":"https:\/\/linitiative.ca\/International\/wp-json\/wp\/v2\/comments?post=74150"}],"version-history":[{"count":0,"href":"https:\/\/linitiative.ca\/International\/wp-json\/wp\/v2\/posts\/74150\/revisions"}],"wp:attachment":[{"href":"https:\/\/linitiative.ca\/International\/wp-json\/wp\/v2\/media?parent=74150"}],"wp:term":[{"taxonomy":"category","embeddable":true,"href":"https:\/\/linitiative.ca\/International\/wp-json\/wp\/v2\/categories?post=74150"},{"taxonomy":"post_tag","embeddable":true,"href":"https:\/\/linitiative.ca\/International\/wp-json\/wp\/v2\/tags?post=74150"}],"curies":[{"name":"wp","href":"https:\/\/api.w.org\/{rel}","templated":true}]}}