{"id":74151,"date":"2020-01-25T15:49:54","date_gmt":"2020-01-25T20:49:54","guid":{"rendered":"https:\/\/linitiative.ca\/International\/ligue-des-champions-le-raja-obtient-le-nul-et-accompagne-lesperance-en-quarts-de-finale\/"},"modified":"2020-01-25T15:49:54","modified_gmt":"2020-01-25T20:49:54","slug":"ligue-des-champions-le-raja-obtient-le-nul-et-accompagne-lesperance-en-quarts-de-finale","status":"publish","type":"post","link":"https:\/\/linitiative.ca\/International\/ligue-des-champions-le-raja-obtient-le-nul-et-accompagne-lesperance-en-quarts-de-finale\/","title":{"rendered":"Ligue des champions : Le Raja obtient le nul et\u00a0accompagne l\u2019Esp\u00e9rance en quarts de finale"},"content":{"rendered":"<div>\n<p>D\u00e9j\u00e0 qualifi\u00e9e pour les quarts de finale de la Ligue des champions, l\u2019Esp\u00e9rance Sportive de Tunis n\u2019a pas\u00a0pu\u00a0faire\u00a0qu\u2019un\u00a0match\u00a0nul\u00a0(2\u20132)\u00a0contre\u00a0le\u00a0Raja pour le compte de la 5\u00e8me journ\u00e9e de la phase de poules. Alors que les Esp\u00e9rantistes ont ouvert le score \u00e0 la 32\u00e8me minute du jeu gr\u00e2ce au coup de t\u00eate de\u00a0Aberraouf\u00a0Benguit, les Marocains ont bien r\u00e9agi [\u2026]<\/p>\n<p>L\u2019article <a href=\"https:\/\/sport.tunisienumerique.com\/ligue-des-champions-le-raja-obtient-le-nul-et-accompagne-lesperance-en-quarts-de-finale-2\/\">Ligue des champions : Le Raja obtient le nul et\u00a0accompagne l\u2019Esp\u00e9rance en quarts de finale<\/a> est apparu en premier sur <a href=\"https:\/\/www.tunisienumerique.com\/\">Tunisie Num\u00e9rique<\/a>.<\/p>\n<\/div>\n<p>Auteur:<br \/>\n<a href=\"https:\/\/sport.tunisienumerique.com\">Cliquez ici pour lire l&rsquo;article depuis sa source.<\/a><\/p>\n","protected":false},"excerpt":{"rendered":"<p>D\u00e9j\u00e0 qualifi\u00e9e pour les quarts de finale de la Ligue des champions, l\u2019Esp\u00e9rance Sportive de Tunis n\u2019a pas\u00a0pu\u00a0faire\u00a0qu\u2019un\u00a0match\u00a0nul\u00a0(2\u20132)\u00a0contre\u00a0le\u00a0Raja pour le compte de la 5\u00e8me journ\u00e9e de la phase de poules. Alors que les Esp\u00e9rantistes ont ouvert le score \u00e0 la 32\u00e8me minute du jeu gr\u00e2ce au coup de t\u00eate de\u00a0Aberraouf\u00a0Benguit, les Marocains ont bien r\u00e9agi [&hellip;]<\/p>\n","protected":false},"author":1789,"featured_media":0,"comment_status":"closed","ping_status":"closed","sticky":false,"template":"","format":"standard","meta":{"fifu_image_url":"","fifu_image_alt":"","footnotes":""},"categories":[73,55],"tags":[],"class_list":["post-74151","post","type-post","status-publish","format-standard","hentry","category-actualite","category-tunisie"],"_links":{"self":[{"href":"https:\/\/linitiative.ca\/International\/wp-json\/wp\/v2\/posts\/74151","targetHints":{"allow":["GET"]}}],"collection":[{"href":"https:\/\/linitiative.ca\/International\/wp-json\/wp\/v2\/posts"}],"about":[{"href":"https:\/\/linitiative.ca\/International\/wp-json\/wp\/v2\/types\/post"}],"author":[{"embeddable":true,"href":"https:\/\/linitiative.ca\/International\/wp-json\/wp\/v2\/users\/1789"}],"replies":[{"embeddable":true,"href":"https:\/\/linitiative.ca\/International\/wp-json\/wp\/v2\/comments?post=74151"}],"version-history":[{"count":0,"href":"https:\/\/linitiative.ca\/International\/wp-json\/wp\/v2\/posts\/74151\/revisions"}],"wp:attachment":[{"href":"https:\/\/linitiative.ca\/International\/wp-json\/wp\/v2\/media?parent=74151"}],"wp:term":[{"taxonomy":"category","embeddable":true,"href":"https:\/\/linitiative.ca\/International\/wp-json\/wp\/v2\/categories?post=74151"},{"taxonomy":"post_tag","embeddable":true,"href":"https:\/\/linitiative.ca\/International\/wp-json\/wp\/v2\/tags?post=74151"}],"curies":[{"name":"wp","href":"https:\/\/api.w.org\/{rel}","templated":true}]}}