{"id":74152,"date":"2020-01-25T16:23:40","date_gmt":"2020-01-25T21:23:40","guid":{"rendered":"https:\/\/linitiative.ca\/International\/facebook-bloque-par-une-panne-dans-plusieurs-pays\/"},"modified":"2020-01-25T16:23:40","modified_gmt":"2020-01-25T21:23:40","slug":"facebook-bloque-par-une-panne-dans-plusieurs-pays","status":"publish","type":"post","link":"https:\/\/linitiative.ca\/International\/facebook-bloque-par-une-panne-dans-plusieurs-pays\/","title":{"rendered":"Facebook bloqu\u00e9 par une panne dans plusieurs pays"},"content":{"rendered":"<div class=\"post-cont-in left relative\">\n<p>Le r\u00e9seau social\u00a0Facebook a connu une grande panne\u00a0ce samedi 25 janvier dans plusieurs pays d\u2019Europe dont la France, ainsi que dans les Am\u00e9riques, selon une annonce du site Downdetector.<\/p>\n<div class=\"code-block code-block-1 c3\"><ins class=\"adsbygoogle c2\" data-ad-layout=\"in-article\" data-ad-format=\"fluid\" data-ad-client=\"ca-pub-2102118777505746\" data-ad-slot=\"7301775417\"\/> <\/div>\n<p>Ces probl\u00e8mes de Facebook ont commenc\u00e9, ce samedi apr\u00e8s midi, \u00e0 partir de 14h17 GMT.\u200b\u200b<\/p>\n<p>75% des utilisateurs de Facebook ont du mal \u00e0 charger le fil d\u2019actualit\u00e9, 12% n\u2019arrivent pas se connecter et 12%\u00a0signalent un black-out total.<\/p>\n<p>Outre la France,\u00a0la panne a surtout frapp\u00e9\u00a0la Pologne et le Br\u00e9sil. Parmi les pays concern\u00e9s figurent aussi la Belgique, les Pays-Bas, le Royaume-Uni, l\u2019Allemagne, la Suisse, la R\u00e9publique tch\u00e8que, l\u2019Italie, l\u2019Espagne, la Su\u00e8de, les \u00c9tats-Unis, l\u2019Argentine, le Mexique et l\u2019\u00c9gypte.<\/p>\n<div class=\"swp_social_panel swp_horizontal_panel swp_flat_fresh swp_default_full_color swp_individual_full_color swp_other_full_color scale-100 scale-\" data-min-width=\"1100\" data-float-color=\"#ffffff\" data-float=\"bottom\" data-float-mobile=\"bottom\" data-transition=\"slide\">\n<div class=\"nc_tweetContainer swp_share_button total_shares total_sharesalt\"><span class=\"swp_count\">20 <span class=\"swp_label\">Partages<\/span><\/span><\/div>\n<\/div>\n<p><strong>Que se passe-t-il en Tunisie?<\/strong><br \/>Nous expliquons sur notre <a href=\"https:\/\/www.youtube.com\/channel\/UCRzypVq0B_yBad5eGrwBx0Q?sub_confirmation=1\" target=\"_blank\" rel=\"noopener noreferrer\">cha\u00eene YouTube<\/a> . <a href=\"https:\/\/www.youtube.com\/channel\/UCRzypVq0B_yBad5eGrwBx0Q?sub_confirmation=1\" target=\"_blank\" rel=\"noopener noreferrer\">Abonnez-vous!<\/a><\/p>\n<div class=\"mvp-org-wrap mvp-org-logo\" itemprop=\"publisher\" itemscope=\"\" itemtype=\"https:\/\/schema.org\/Organization\"><img decoding=\"async\" src=\"https:\/\/www.tunisienumerique.com\/wp-content\/uploads\/2017\/02\/logo_tunisie_numerique.png\"\/><\/div>\n<div class=\"mvp-related-posts left relative\">\n<h4 class=\"post-header\"><span class=\"post-header\">Lire aussi<\/span><\/h4>\n<\/div>\n<\/div>\n<p>Auteur: LM<br \/>\n<a href=\"https:\/\/www.tunisienumerique.com\/facebook-bloque-par-une-panne-dans-plusieurs-pays\/\">Cliquez ici pour lire l&rsquo;article depuis sa source.<\/a><\/p>\n","protected":false},"excerpt":{"rendered":"<p>Le r\u00e9seau social\u00a0Facebook a connu une grande panne\u00a0ce samedi 25 janvier dans plusieurs pays d\u2019Europe dont la France, ainsi que dans les Am\u00e9riques, selon une annonce du site Downdetector. Ces probl\u00e8mes de Facebook ont commenc\u00e9, ce samedi apr\u00e8s midi, \u00e0 partir de 14h17 GMT.\u200b\u200b 75% des utilisateurs de Facebook ont du mal \u00e0 charger le [&hellip;]<\/p>\n","protected":false},"author":1789,"featured_media":74153,"comment_status":"closed","ping_status":"closed","sticky":false,"template":"","format":"standard","meta":{"fifu_image_url":"","fifu_image_alt":"","footnotes":""},"categories":[73,55],"tags":[],"class_list":["post-74152","post","type-post","status-publish","format-standard","has-post-thumbnail","hentry","category-actualite","category-tunisie"],"_links":{"self":[{"href":"https:\/\/linitiative.ca\/International\/wp-json\/wp\/v2\/posts\/74152","targetHints":{"allow":["GET"]}}],"collection":[{"href":"https:\/\/linitiative.ca\/International\/wp-json\/wp\/v2\/posts"}],"about":[{"href":"https:\/\/linitiative.ca\/International\/wp-json\/wp\/v2\/types\/post"}],"author":[{"embeddable":true,"href":"https:\/\/linitiative.ca\/International\/wp-json\/wp\/v2\/users\/1789"}],"replies":[{"embeddable":true,"href":"https:\/\/linitiative.ca\/International\/wp-json\/wp\/v2\/comments?post=74152"}],"version-history":[{"count":0,"href":"https:\/\/linitiative.ca\/International\/wp-json\/wp\/v2\/posts\/74152\/revisions"}],"wp:featuredmedia":[{"embeddable":true,"href":"https:\/\/linitiative.ca\/International\/wp-json\/"}],"wp:attachment":[{"href":"https:\/\/linitiative.ca\/International\/wp-json\/wp\/v2\/media?parent=74152"}],"wp:term":[{"taxonomy":"category","embeddable":true,"href":"https:\/\/linitiative.ca\/International\/wp-json\/wp\/v2\/categories?post=74152"},{"taxonomy":"post_tag","embeddable":true,"href":"https:\/\/linitiative.ca\/International\/wp-json\/wp\/v2\/tags?post=74152"}],"curies":[{"name":"wp","href":"https:\/\/api.w.org\/{rel}","templated":true}]}}