{"id":74158,"date":"2020-01-25T16:45:23","date_gmt":"2020-01-25T21:45:23","guid":{"rendered":"https:\/\/linitiative.ca\/International\/tunisie-sidi-bouzid-enquete-judiciaire-suite-a-la-decouverte-dune-femme-pendue\/"},"modified":"2020-01-25T16:45:23","modified_gmt":"2020-01-25T21:45:23","slug":"tunisie-sidi-bouzid-enquete-judiciaire-suite-a-la-decouverte-dune-femme-pendue","status":"publish","type":"post","link":"https:\/\/linitiative.ca\/International\/tunisie-sidi-bouzid-enquete-judiciaire-suite-a-la-decouverte-dune-femme-pendue\/","title":{"rendered":"Tunisie \u2013 Sidi Bouzid\u00a0: Enqu\u00eate judiciaire suite \u00e0 la d\u00e9couverte d\u2019une femme pendue"},"content":{"rendered":"<div class=\"post-cont-in left relative\">\n<p>Le parquet de Sidi Bouzid a ordonn\u00e9 l\u2019ouverture d\u2019une enqu\u00eate judiciaire et une autopsie, suite \u00e0 la d\u00e9couverte du cadavre d\u2019une jeune femme, m\u00e8re d\u2019une petite fille de 6 ans.<\/p>\n<div class=\"code-block code-block-1 c3\"><ins class=\"adsbygoogle c2\" data-ad-layout=\"in-article\" data-ad-format=\"fluid\" data-ad-client=\"ca-pub-2102118777505746\" data-ad-slot=\"7301775417\"\/> <\/div>\n<p>La victime a \u00e9t\u00e9 trouv\u00e9e pendue \u00e0 10 m\u00e8tres de sa maison.<\/p>\n<div class=\"swp_social_panel swp_horizontal_panel swp_flat_fresh swp_default_full_color swp_individual_full_color swp_other_full_color scale-100 scale-\" data-min-width=\"1100\" data-float-color=\"#ffffff\" data-float=\"bottom\" data-float-mobile=\"bottom\" data-transition=\"slide\">\n<div class=\"nc_tweetContainer swp_share_button total_shares total_sharesalt\"><span class=\"swp_count\">2 <span class=\"swp_label\">Partages<\/span><\/span><\/div>\n<\/div>\n<p><strong>Que se passe-t-il en Tunisie?<\/strong><br \/>Nous expliquons sur notre <a href=\"https:\/\/www.youtube.com\/channel\/UCRzypVq0B_yBad5eGrwBx0Q?sub_confirmation=1\" target=\"_blank\" rel=\"noopener noreferrer\">cha\u00eene YouTube<\/a> . <a href=\"https:\/\/www.youtube.com\/channel\/UCRzypVq0B_yBad5eGrwBx0Q?sub_confirmation=1\" target=\"_blank\" rel=\"noopener noreferrer\">Abonnez-vous!<\/a><\/p>\n<div class=\"mvp-org-wrap mvp-org-logo\" itemprop=\"publisher\" itemscope=\"\" itemtype=\"https:\/\/schema.org\/Organization\"><img decoding=\"async\" src=\"https:\/\/www.tunisienumerique.com\/wp-content\/uploads\/2017\/02\/logo_tunisie_numerique.png\"\/><\/div>\n<div class=\"mvp-related-posts left relative\">\n<h4 class=\"post-header\"><span class=\"post-header\">Lire aussi<\/span><\/h4>\n<\/div>\n<\/div>\n<p>Auteur: LM<br \/>\n<a href=\"https:\/\/www.tunisienumerique.com\/tunisie-sidi-bouzid-enquete-judiciaire-suite-a-la-decouverte-dune-femme-pendue\/\">Cliquez ici pour lire l&rsquo;article depuis sa source.<\/a><\/p>\n","protected":false},"excerpt":{"rendered":"<p>Le parquet de Sidi Bouzid a ordonn\u00e9 l\u2019ouverture d\u2019une enqu\u00eate judiciaire et une autopsie, suite \u00e0 la d\u00e9couverte du cadavre d\u2019une jeune femme, m\u00e8re d\u2019une petite fille de 6 ans. La victime a \u00e9t\u00e9 trouv\u00e9e pendue \u00e0 10 m\u00e8tres de sa maison. 2 Partages Que se passe-t-il en Tunisie?Nous expliquons sur notre cha\u00eene YouTube . [&hellip;]<\/p>\n","protected":false},"author":1789,"featured_media":74159,"comment_status":"closed","ping_status":"closed","sticky":false,"template":"","format":"standard","meta":{"fifu_image_url":"","fifu_image_alt":"","footnotes":""},"categories":[73,55],"tags":[],"class_list":["post-74158","post","type-post","status-publish","format-standard","has-post-thumbnail","hentry","category-actualite","category-tunisie"],"_links":{"self":[{"href":"https:\/\/linitiative.ca\/International\/wp-json\/wp\/v2\/posts\/74158","targetHints":{"allow":["GET"]}}],"collection":[{"href":"https:\/\/linitiative.ca\/International\/wp-json\/wp\/v2\/posts"}],"about":[{"href":"https:\/\/linitiative.ca\/International\/wp-json\/wp\/v2\/types\/post"}],"author":[{"embeddable":true,"href":"https:\/\/linitiative.ca\/International\/wp-json\/wp\/v2\/users\/1789"}],"replies":[{"embeddable":true,"href":"https:\/\/linitiative.ca\/International\/wp-json\/wp\/v2\/comments?post=74158"}],"version-history":[{"count":0,"href":"https:\/\/linitiative.ca\/International\/wp-json\/wp\/v2\/posts\/74158\/revisions"}],"wp:featuredmedia":[{"embeddable":true,"href":"https:\/\/linitiative.ca\/International\/wp-json\/"}],"wp:attachment":[{"href":"https:\/\/linitiative.ca\/International\/wp-json\/wp\/v2\/media?parent=74158"}],"wp:term":[{"taxonomy":"category","embeddable":true,"href":"https:\/\/linitiative.ca\/International\/wp-json\/wp\/v2\/categories?post=74158"},{"taxonomy":"post_tag","embeddable":true,"href":"https:\/\/linitiative.ca\/International\/wp-json\/wp\/v2\/tags?post=74158"}],"curies":[{"name":"wp","href":"https:\/\/api.w.org\/{rel}","templated":true}]}}