{"id":74160,"date":"2020-01-25T16:18:02","date_gmt":"2020-01-25T21:18:02","guid":{"rendered":"https:\/\/linitiative.ca\/International\/la-depouille-du-jeune-laurent-sera-rapatriee-en-cote-divoire-officiel\/"},"modified":"2020-01-25T16:18:02","modified_gmt":"2020-01-25T21:18:02","slug":"la-depouille-du-jeune-laurent-sera-rapatriee-en-cote-divoire-officiel","status":"publish","type":"post","link":"https:\/\/linitiative.ca\/International\/la-depouille-du-jeune-laurent-sera-rapatriee-en-cote-divoire-officiel\/","title":{"rendered":"La d\u00e9pouille du jeune Laurent sera rapatri\u00e9e en C\u00f4te d\u2019Ivoire (Officiel)"},"content":{"rendered":"<div readability=\"32\">\n<p>Publi\u00e9 le 25.01.2020 \u00e0 22h18 par APA News<\/p>\n<\/div>\n<div readability=\"63\">\n<p>La d\u00e9pouille du jeune ivoirien Laurent Barth\u00e9l\u00e9my Ani Guibahi, retrouv\u00e9 mort dans le train d\u2019atterrissage d\u2019un avion de la compagnie Air France reliant Abidjan-Paris sera rapatri\u00e9e \u00e0 Abidjan dans les prochains jours, a annonc\u00e9 samedi \u00e0 Abidjan, le ministre ivoirien des Transports, Amadou Kon\u00e9 au lendemain de son retour de Paris.\u00ab Avec les parents que j\u2019ai re\u00e7us, nous sommes tomb\u00e9s d\u2019accord pour proc\u00e9der au plus vite au rapatriement du corps \u00bb, a d\u00e9clar\u00e9 le ministre au cours d\u2019une conf\u00e9rence de presse apr\u00e8s avoir re\u00e7u \u00e0 son cabinet les parents du d\u00e9funt, rassurant que ce rapatriement \u00ab va se faire incessamment \u00bb. \u00a0<\/p>\n<p>\u00ab Les dispositions sont en train d\u2019\u00eatre prises pour remettre la d\u00e9pouille aux parents pour faire l\u2019inhumation du jeune homme \u00bb, a ajout\u00e9 le ministre Amadou Kon\u00e9, pr\u00e9cisant que les d\u00e9marches administratives d\u00e9buteront d\u00e8s la semaine prochaine.<\/p>\n<p>Laurent-Barth\u00e9l\u00e9my Ani Guibahi (14 ans), dont le corps sans vie, a \u00e9t\u00e9 retrouv\u00e9 le mercredi 8 janvier 2020 sur le tarmac de l\u2019a\u00e9roport Roissy-Charles-De-Gaule, pr\u00e8s de Paris, dans le train d\u2019atterrissage du vol AF703 d\u2019Air France en provenance de l\u2019a\u00e9roport d\u2019Abidjan, r\u00eavait de \u00abvoyager et devenir un grand footballeur\u00bb, selon une amie de classe.<\/p>\n<p>Une enqu\u00eate a \u00e9t\u00e9 ouverte par les autorit\u00e9s ivoiriennes pour d\u00e9terminer les circonstances de ce drame \u00e0 la suite duquel une op\u00e9ration de d\u00e9guerpissement des populations install\u00e9es aux alentours de l\u2019a\u00e9roport d\u2019Abidjan a \u00e9t\u00e9 d\u00e9cid\u00e9e par le gouvernement. \u00a0<\/p>\n<\/div>\n<p>Auteur: APA News<br \/>\n<a href=\"https:\/\/www.journalducameroun.com\/la-depouille-du-jeune-laurent-sera-rapatriee-en-cote-divoire-officiel\/\">Cliquez ici pour lire l&rsquo;article depuis sa source.<\/a><\/p>\n","protected":false},"excerpt":{"rendered":"<p>Publi\u00e9 le 25.01.2020 \u00e0 22h18 par APA News La d\u00e9pouille du jeune ivoirien Laurent Barth\u00e9l\u00e9my Ani Guibahi, retrouv\u00e9 mort dans le train d\u2019atterrissage d\u2019un avion de la compagnie Air France reliant Abidjan-Paris sera rapatri\u00e9e \u00e0 Abidjan dans les prochains jours, a annonc\u00e9 samedi \u00e0 Abidjan, le ministre ivoirien des Transports, Amadou Kon\u00e9 au lendemain de [&hellip;]<\/p>\n","protected":false},"author":1965,"featured_media":0,"comment_status":"closed","ping_status":"closed","sticky":false,"template":"","format":"standard","meta":{"fifu_image_url":"","fifu_image_alt":"","footnotes":""},"categories":[73,82],"tags":[],"class_list":["post-74160","post","type-post","status-publish","format-standard","hentry","category-actualite","category-cameroun"],"_links":{"self":[{"href":"https:\/\/linitiative.ca\/International\/wp-json\/wp\/v2\/posts\/74160","targetHints":{"allow":["GET"]}}],"collection":[{"href":"https:\/\/linitiative.ca\/International\/wp-json\/wp\/v2\/posts"}],"about":[{"href":"https:\/\/linitiative.ca\/International\/wp-json\/wp\/v2\/types\/post"}],"author":[{"embeddable":true,"href":"https:\/\/linitiative.ca\/International\/wp-json\/wp\/v2\/users\/1965"}],"replies":[{"embeddable":true,"href":"https:\/\/linitiative.ca\/International\/wp-json\/wp\/v2\/comments?post=74160"}],"version-history":[{"count":0,"href":"https:\/\/linitiative.ca\/International\/wp-json\/wp\/v2\/posts\/74160\/revisions"}],"wp:attachment":[{"href":"https:\/\/linitiative.ca\/International\/wp-json\/wp\/v2\/media?parent=74160"}],"wp:term":[{"taxonomy":"category","embeddable":true,"href":"https:\/\/linitiative.ca\/International\/wp-json\/wp\/v2\/categories?post=74160"},{"taxonomy":"post_tag","embeddable":true,"href":"https:\/\/linitiative.ca\/International\/wp-json\/wp\/v2\/tags?post=74160"}],"curies":[{"name":"wp","href":"https:\/\/api.w.org\/{rel}","templated":true}]}}