{"id":74162,"date":"2020-01-25T16:18:06","date_gmt":"2020-01-25T21:18:06","guid":{"rendered":"https:\/\/linitiative.ca\/International\/aeroport-dabidjan-les-populations-impactees-par-le-deguerpissement-recasees-sur-un-nouveau-site\/"},"modified":"2020-01-25T16:18:06","modified_gmt":"2020-01-25T21:18:06","slug":"aeroport-dabidjan-les-populations-impactees-par-le-deguerpissement-recasees-sur-un-nouveau-site","status":"publish","type":"post","link":"https:\/\/linitiative.ca\/International\/aeroport-dabidjan-les-populations-impactees-par-le-deguerpissement-recasees-sur-un-nouveau-site\/","title":{"rendered":"A\u00e9roport d\u2019Abidjan: les populations impact\u00e9es par le d\u00e9guerpissement recas\u00e9es sur un nouveau site"},"content":{"rendered":"<div readability=\"32\">\n<p>Publi\u00e9 le 25.01.2020 \u00e0 22h18 par APA News<\/p>\n<\/div>\n<div readability=\"83\">\n<p>Les populations impact\u00e9es par la lib\u00e9ration des emprises situ\u00e9es dans un p\u00e9rim\u00e8tre de 200 m\u00e8tres sur environ quatre kilom\u00e8tres de l\u2019a\u00e9roport d\u2019Abidjan seront recas\u00e9es sur un nouveau site qui a \u00e9t\u00e9 identifi\u00e9, a annonc\u00e9, samedi \u00e0 Abidjan, le ministre ivoirien des Transports Amadou Kon\u00e9.La d\u00e9cision de lib\u00e9rer les emprises de l\u2019a\u00e9roport d\u2019Abidjan occup\u00e9es par des populations a \u00e9t\u00e9 prise suite au d\u00e9c\u00e8s d\u2019un adolescent ivoirien, trouv\u00e9 mort dans le puits d\u2019atterrissage d\u2019un vol reliant Abidjan-Paris, le 7 janvier 2020.<\/p>\n<p>\u00ab Les gens sont sur le sensationnel, mais ce que nous cherchons \u00e0 faire, c\u2019est de r\u00e9aliser une op\u00e9ration qui ait le moins d\u2019impact possible sur la grande majorit\u00e9 de la population. Il ne s\u2019agit pas pour nous de d\u00e9guerpir toute la zone a\u00e9roportuaire\u00bb qui compte 3700 hectares, a expliqu\u00e9 le ministre Amadou Kon\u00e9 au cours d\u2019une conf\u00e9rence de presse.<\/p>\n<p>Selon lui, la superficie concern\u00e9e est de \u00ab 5,6% de l\u2019ensemble de la zone a\u00e9roportuaire occup\u00e9e principalement et ill\u00e9galement par des populations \u00bb. \u00ab Tout ce passe comme si nous sommes en train de chasser sans attention particuli\u00e8re des populations \u00bb, a-t-il d\u00e9nonc\u00e9, soulignant que \u00ab ce sont des zones habit\u00e9es pour la plus part r\u00e9cemment \u00bb.<\/p>\n<p>\u00ab Nous ne sommes pas en train de d\u00e9guerpir tout le monde\u00bb, a rassur\u00e9 le ministre des Transports, indiquant que les populations concern\u00e9es \u00ab ont souhait\u00e9 un certain nombre de mesures d\u2019accompagnement qui sont \u00e0 l\u2019examen et pour lesquelles on donnera des r\u00e9ponses la semaine prochaine \u00bb.<\/p>\n<p>\u00ab Nous sommes ouverts \u00e0 toute mesure qui pourra faciliter le d\u00e9placement des populations de ces zones \u00e0 risques pour notre a\u00e9roport et pour notre s\u00e9curit\u00e9 \u00e0 tous \u00bb, a-t-il poursuivi, ajoutant qu\u2019en ce qui concerne les mesures d\u2019accompagnement, \u00ab elles ne sont pas encore arr\u00eat\u00e9es, mais il y a que nous envisageons d\u2019aider ceux qui r\u00e9sident dans les zones concern\u00e9es \u00e0 pouvoir se d\u00e9placer et \u00e0 aller dans d\u2019autres espaces. Quitte \u00e0 leur payer un p\u00e9cule pour pouvoir le faire \u00bb.<\/p>\n<p>\u00ab Deuxi\u00e8mement, nous avons avec AERIA (Soci\u00e9t\u00e9 qui g\u00e8re l\u2019A\u00e9roport international F\u00e9lix Houphou\u00ebt Boigny d\u2019Abidjan) d\u00e9fini un site sur lequel ceux qui le souhaitent pourront s\u2019installer \u00bb a annonc\u00e9 Amadou Kon\u00e9.<\/p>\n<p>Enfin, a-t-il conclu, \u00ab on a d\u00e9cid\u00e9 que ceux qui iraient s\u2019installer sur ce site et qui auraient des enfants dans les quatre \u00e9coles dans la zone de d\u00e9guerpissement (\u2026) nous prendrons des dispositions pour faciliter le transport des enfants\u00bb .<\/p>\n<\/div>\n<p>Auteur: APA News<br \/>\n<a href=\"https:\/\/www.journalducameroun.com\/aeroport-dabidjan-les-populations-impactees-par-le-deguerpissement-recasees-sur-un-nouveau-site\/\">Cliquez ici pour lire l&rsquo;article depuis sa source.<\/a><\/p>\n","protected":false},"excerpt":{"rendered":"<p>Publi\u00e9 le 25.01.2020 \u00e0 22h18 par APA News Les populations impact\u00e9es par la lib\u00e9ration des emprises situ\u00e9es dans un p\u00e9rim\u00e8tre de 200 m\u00e8tres sur environ quatre kilom\u00e8tres de l\u2019a\u00e9roport d\u2019Abidjan seront recas\u00e9es sur un nouveau site qui a \u00e9t\u00e9 identifi\u00e9, a annonc\u00e9, samedi \u00e0 Abidjan, le ministre ivoirien des Transports Amadou Kon\u00e9.La d\u00e9cision de lib\u00e9rer [&hellip;]<\/p>\n","protected":false},"author":1965,"featured_media":0,"comment_status":"closed","ping_status":"closed","sticky":false,"template":"","format":"standard","meta":{"fifu_image_url":"","fifu_image_alt":"","footnotes":""},"categories":[73,82],"tags":[],"class_list":["post-74162","post","type-post","status-publish","format-standard","hentry","category-actualite","category-cameroun"],"_links":{"self":[{"href":"https:\/\/linitiative.ca\/International\/wp-json\/wp\/v2\/posts\/74162","targetHints":{"allow":["GET"]}}],"collection":[{"href":"https:\/\/linitiative.ca\/International\/wp-json\/wp\/v2\/posts"}],"about":[{"href":"https:\/\/linitiative.ca\/International\/wp-json\/wp\/v2\/types\/post"}],"author":[{"embeddable":true,"href":"https:\/\/linitiative.ca\/International\/wp-json\/wp\/v2\/users\/1965"}],"replies":[{"embeddable":true,"href":"https:\/\/linitiative.ca\/International\/wp-json\/wp\/v2\/comments?post=74162"}],"version-history":[{"count":0,"href":"https:\/\/linitiative.ca\/International\/wp-json\/wp\/v2\/posts\/74162\/revisions"}],"wp:attachment":[{"href":"https:\/\/linitiative.ca\/International\/wp-json\/wp\/v2\/media?parent=74162"}],"wp:term":[{"taxonomy":"category","embeddable":true,"href":"https:\/\/linitiative.ca\/International\/wp-json\/wp\/v2\/categories?post=74162"},{"taxonomy":"post_tag","embeddable":true,"href":"https:\/\/linitiative.ca\/International\/wp-json\/wp\/v2\/tags?post=74162"}],"curies":[{"name":"wp","href":"https:\/\/api.w.org\/{rel}","templated":true}]}}