{"id":74163,"date":"2020-01-25T16:50:03","date_gmt":"2020-01-25T21:50:03","guid":{"rendered":"https:\/\/linitiative.ca\/International\/la-motoneige-au-quebec-une-activite-lucrative-une-pratique-risquee\/"},"modified":"2020-01-25T16:50:03","modified_gmt":"2020-01-25T21:50:03","slug":"la-motoneige-au-quebec-une-activite-lucrative-une-pratique-risquee","status":"publish","type":"post","link":"https:\/\/linitiative.ca\/International\/la-motoneige-au-quebec-une-activite-lucrative-une-pratique-risquee\/","title":{"rendered":"La motoneige au Qu\u00e9bec: une activit\u00e9 lucrative, une pratique risqu\u00e9e"},"content":{"rendered":"<div readability=\"32\">\n<p>Publi\u00e9 le 25.01.2020 \u00e0 22h50 par AFP<\/p>\n<\/div>\n<div readability=\"109\">\n<p>La pratique de la motoneige entra\u00eene une activit\u00e9 \u00e9conomique majeure dans les r\u00e9gions excentr\u00e9es du Qu\u00e9bec, mais elle est aussi parfois dangereuse, comme l\u2019illustre l\u2019excursion qui a vir\u00e9 au drame pour un groupe de touristes fran\u00e7ais, dont cinq \u00e9taient toujours port\u00e9s disparus vendredi.<\/p>\n<p>\u2013 Activit\u00e9 touristique \u2013<\/p>\n<p>Chaque hiver, des dizaines de milliers d\u2019adeptes se donnent rendez-vous sur les 33.000 km de sentiers balis\u00e9s qui sillonnent la province dans des d\u00e9cors de carte postale.<\/p>\n<p>Selon la F\u00e9d\u00e9ration qu\u00e9b\u00e9coise des clubs de motoneigistes (FQCM), environ 30.000 d\u2019entre eux sont des touristes \u00e9trangers, dont bon nombre d\u2019Am\u00e9ricains et de Fran\u00e7ais.<\/p>\n<p>Cette forme de tourisme d\u2019aventure g\u00e9n\u00e8re chaque ann\u00e9e plus de trois milliards de dollars canadiens (2 mds EUR) de retomb\u00e9es \u00e9conomiques pour la province, et emploie plus de 14.000 personnes, selon la f\u00e9d\u00e9ration.<\/p>\n<p>\u00ab\u00a0Il y a des r\u00e9gions au Qu\u00e9bec, des villages, des commerces qui mettraient la cl\u00e9 sous la porte s\u2019il n\u2019y avait pas du tout de motoneigistes\u00a0\u00bb, souligne \u00e0 l\u2019AFP Marilou Perreault, porte-parole de la FQCM.<\/p>\n<p>\u2013 Jusqu\u2019\u00e0 140 km\/h \u2013<\/p>\n<p>Toute personne \u00e2g\u00e9e de 16 ans et plus peut conduire une motoneige au Qu\u00e9bec. Les mineurs (moins de 18 ans) doivent toutefois obtenir un certificat gouvernemental attestant leurs aptitudes et leurs connaissances pour conduire un tel v\u00e9hicule.<\/p>\n<p>Il n\u2019est m\u00eame pas n\u00e9cessaire de d\u00e9tenir un permis de conduire si le motoneigiste emprunte des sentiers qui ne croisent pas de routes publiques, selon Mme Perreault.<\/p>\n<p>Ces lourdes motos \u00e9quip\u00e9es de skis peuvent rouler jusqu\u2019\u00e0 140 km\/h pour les mod\u00e8les les plus puissants, m\u00eame si la vitesse est officiellement limit\u00e9e \u00e0 70 km\/h ou moins, selon la signalisation.<\/p>\n<p>\u2013 20 \u00e0 25 morts par an \u2013<\/p>\n<p>Cette activit\u00e9 pris\u00e9e fait de \u00ab\u00a020 \u00e0 25 morts\u00a0\u00bb en moyenne chaque ann\u00e9e au Qu\u00e9bec, indique Mme Perreault.<\/p>\n<p>Les exc\u00e8s de vitesse, l\u2019abus d\u2019alcool et les imprudences sont les principales causes d\u2019accidents mortels en motoneige, selon la f\u00e9d\u00e9ration.<\/p>\n<p>Et la moiti\u00e9 des accidents mortels se produisent hors sentiers, notamment sur des cours d\u2019eau dont la glace est plus ou moins \u00e9paisse, selon les saisons. \u00ab\u00a0C\u2019est extr\u00eamement dangereux et chaque ann\u00e9e, on a malheureusement des noyades\u00a0\u00bb, d\u00e9plore la porte-parole.<\/p>\n<p>\u2013 Nouvelles mesures de s\u00e9curit\u00e9 \u2013<\/p>\n<p>Apr\u00e8s le drame au lac Saint-Jean, le gouvernement du Qu\u00e9bec a annonc\u00e9 jeudi son intention de rendre obligatoire la formation des guides et des touristes conduisant des motoneiges.<\/p>\n<p>En outre, les entreprises de tourisme de nature et d\u2019aventure de la province devront d\u00e9sormais d\u00e9tenir une accr\u00e9ditation ax\u00e9e sur la qualit\u00e9 et la s\u00e9curit\u00e9 afin d\u2019\u00eatre admissibles aux programmes d\u2019aide financi\u00e8re du minist\u00e8re du Tourisme.<\/p>\n<\/div>\n<p>Auteur: AFP<br \/>\n<a href=\"https:\/\/www.journalducameroun.com\/la-motoneige-au-quebec-une-activite-lucrative-une-pratique-risquee\/\">Cliquez ici pour lire l&rsquo;article depuis sa source.<\/a><\/p>\n","protected":false},"excerpt":{"rendered":"<p>Publi\u00e9 le 25.01.2020 \u00e0 22h50 par AFP La pratique de la motoneige entra\u00eene une activit\u00e9 \u00e9conomique majeure dans les r\u00e9gions excentr\u00e9es du Qu\u00e9bec, mais elle est aussi parfois dangereuse, comme l\u2019illustre l\u2019excursion qui a vir\u00e9 au drame pour un groupe de touristes fran\u00e7ais, dont cinq \u00e9taient toujours port\u00e9s disparus vendredi. \u2013 Activit\u00e9 touristique \u2013 Chaque [&hellip;]<\/p>\n","protected":false},"author":1965,"featured_media":0,"comment_status":"closed","ping_status":"closed","sticky":false,"template":"","format":"standard","meta":{"fifu_image_url":"","fifu_image_alt":"","footnotes":""},"categories":[73,82],"tags":[],"class_list":["post-74163","post","type-post","status-publish","format-standard","hentry","category-actualite","category-cameroun"],"_links":{"self":[{"href":"https:\/\/linitiative.ca\/International\/wp-json\/wp\/v2\/posts\/74163","targetHints":{"allow":["GET"]}}],"collection":[{"href":"https:\/\/linitiative.ca\/International\/wp-json\/wp\/v2\/posts"}],"about":[{"href":"https:\/\/linitiative.ca\/International\/wp-json\/wp\/v2\/types\/post"}],"author":[{"embeddable":true,"href":"https:\/\/linitiative.ca\/International\/wp-json\/wp\/v2\/users\/1965"}],"replies":[{"embeddable":true,"href":"https:\/\/linitiative.ca\/International\/wp-json\/wp\/v2\/comments?post=74163"}],"version-history":[{"count":0,"href":"https:\/\/linitiative.ca\/International\/wp-json\/wp\/v2\/posts\/74163\/revisions"}],"wp:attachment":[{"href":"https:\/\/linitiative.ca\/International\/wp-json\/wp\/v2\/media?parent=74163"}],"wp:term":[{"taxonomy":"category","embeddable":true,"href":"https:\/\/linitiative.ca\/International\/wp-json\/wp\/v2\/categories?post=74163"},{"taxonomy":"post_tag","embeddable":true,"href":"https:\/\/linitiative.ca\/International\/wp-json\/wp\/v2\/tags?post=74163"}],"curies":[{"name":"wp","href":"https:\/\/api.w.org\/{rel}","templated":true}]}}