{"id":74164,"date":"2020-01-25T16:50:05","date_gmt":"2020-01-25T21:50:05","guid":{"rendered":"https:\/\/linitiative.ca\/International\/boude-par-sanchez-guaido-appelle-ses-partisans-a-rester-debout\/"},"modified":"2020-01-25T16:50:05","modified_gmt":"2020-01-25T21:50:05","slug":"boude-par-sanchez-guaido-appelle-ses-partisans-a-rester-debout","status":"publish","type":"post","link":"https:\/\/linitiative.ca\/International\/boude-par-sanchez-guaido-appelle-ses-partisans-a-rester-debout\/","title":{"rendered":"Boud\u00e9 par Sanchez, Guaido appelle ses partisans \u00e0 \u00ab\u00a0rester debout\u00a0\u00bb"},"content":{"rendered":"<div readability=\"32\">\n<p>Publi\u00e9 le 25.01.2020 \u00e0 22h50 par AFP<\/p>\n<\/div>\n<div readability=\"108\">\n<p>L\u2019opposant v\u00e9n\u00e9zu\u00e9lien Juan Guaido a demand\u00e9 samedi \u00e0 des milliers de partisans de \u00ab\u00a0rester debout face \u00e0 la dictature\u00a0\u00bb de Nicolas Maduro lors d\u2019une visite \u00e0 Madrid o\u00f9 il n\u2019a pas \u00e9t\u00e9 re\u00e7u par le chef du gouvernement Pedro Sanchez.<\/p>\n<p>\u00ab\u00a0Je vous demande de ne jamais vous agenouiller face \u00e0 personne, que nous restions debout le temps qu\u2019il sera n\u00e9cessaire\u00a0\u00bb face \u00e0 la \u00ab\u00a0dictature\u00a0\u00bb au Venezuela, a-t-il dit sur la c\u00e9l\u00e8bre place de la Puerta del sol. \u00ab\u00a0Vive le Venezuela libre\u00a0\u00bb, a-t-il cri\u00e9 alors que ses partisans brandissaient des drapeaux du pays sud-am\u00e9ricain.<\/p>\n<p>Reconnu comme pr\u00e9sident par int\u00e9rim du Venezuela par une cinquantaine de pays, dont l\u2019Espagne, Juan Guaido a effectu\u00e9 cette semaine une tourn\u00e9e en Europe afin de recueillir des soutiens dans son combat contre le pr\u00e9sident v\u00e9n\u00e9zu\u00e9lien Nicolas Maduro.<\/p>\n<p>Mais le chef du gouvernement socialiste espagnol Pedro Sanchez, qui avait \u00e9t\u00e9 l\u2019un des premiers \u00e0 le reconna\u00eetre en f\u00e9vrier 2019, a suscit\u00e9 une vive controverse en ne le recevant pas samedi, contrairement au premier ministre britannique Boris Johnson ou au pr\u00e9sident fran\u00e7ais Emmanuel Macron.<\/p>\n<p>L\u2019opposant v\u00e9n\u00e9zu\u00e9lien a \u00e9t\u00e9 seulement re\u00e7u par la ministre des Affaires \u00e9trang\u00e8res Arancha Gonzalez qui lui a r\u00e9affirm\u00e9 le \u00ab\u00a0soutien total du gouvernement espagnol\u00a0\u00bb.<\/p>\n<p>Cette d\u00e9cision a valu \u00e0 M. Sanchez les critiques acerbes de l\u2019opposition de droite espagnole \u00e0 la t\u00eate de la mairie et de la r\u00e9gion de Madrid qui ont re\u00e7u samedi M. Guaido avec les honneurs d\u2019un chef d\u2019Etat.<\/p>\n<p>\u00ab\u00a0C\u2019est une crise complexe, qui exige le dialogue (\u2026) La position du gouvernement espagnol a toujours \u00e9t\u00e9 d\u2019incarner, \u00e0 travers les institutions europ\u00e9ennes, une r\u00e9ponse passant par le dialogue\u00a0\u00bb entre l\u2019opposition et le r\u00e9gime de Nicolas Maduro, s\u2019est d\u00e9fendu M. Sanchez au cours d\u2019une visite dans des zones touch\u00e9es par la temp\u00eate Gloria qui a fait douze morts.<\/p>\n<p>\u00ab\u00a0Nous sommes un gouvernement qui a toujours soutenu l\u2019opposition v\u00e9n\u00e9zu\u00e9lienne et ce que nous voulons, c\u2019est que des \u00e9lections soient rapidement organis\u00e9es au Venezuela\u00a0\u00bb, a ajout\u00e9 le socialiste, rappelant que l\u2019opposant Leopoldo Lopez \u00e9tait r\u00e9fugi\u00e9 au sein de la r\u00e9sidence de l\u2019ambassadeur d\u2019Espagne \u00e0 Caracas.<\/p>\n<p>Proche de M. Sanchez, le ministre des Transports Jose Luis Abalos a d\u00e9fendu samedi dans le quotidien La Razon la recherche d\u2019une \u00ab\u00a0solution d\u00e9mocratique \u00e9quilibr\u00e9e\u00a0\u00bb au Venezuela qui exige de l\u2019Espagne d\u2019\u00e9viter toute \u00ab\u00a0position bellig\u00e9rante\u00a0\u00bb \u00e0 l\u2019\u00e9gard du r\u00e9gime de Nicolas Maduro.<\/p>\n<p>M. Guaido a tent\u00e9 de calmer le jeu en assurant devant la presse qu\u2019il esp\u00e9rait pouvoir recevoir M. Sanchez \u00e0 Caracas \u00ab\u00a0dans les prochains mois (\u2026) une fois que nous aurons retrouv\u00e9 la d\u00e9mocratie au Venezuela\u00a0\u00bb.<\/p>\n<p>La droite soup\u00e7onne M. Sanchez d\u2019avoir chang\u00e9 son fusil d\u2019\u00e9paule \u00e0 cause de l\u2019entr\u00e9e dans son gouvernement de Podemos, la gauche radicale, dont le chef Pablo Iglesias a \u00e9t\u00e9 longtemps proche du r\u00e9gime v\u00e9n\u00e9zu\u00e9lien.<\/p>\n<p>La controverse autour du Venezuela s\u2019est amplifi\u00e9e lorsque le ministre des Transports a reconnu avoir parl\u00e9 lundi \u00e0 l\u2019a\u00e9roport de Madrid \u00e0 Mme Delcy Rodriguez, num\u00e9ro deux du gouvernement de Nicolas Maduro, pourtant interdite d\u2019entr\u00e9e dans l\u2019Union europ\u00e9enne.<\/p>\n<p>M. Abalos a cherch\u00e9 \u00e0 \u00ab\u00a0\u00e9viter une crise diplomatique et a r\u00e9ussi\u00a0\u00bb, a assur\u00e9 Pedro Sanchez, faisant part de son \u00ab\u00a0appui\u00a0\u00bb total \u00e0 son ministre et homme de confiance dont la droite exige la d\u00e9mission.<\/p>\n<\/div>\n<p>Auteur: AFP<br \/>\n<a href=\"https:\/\/www.journalducameroun.com\/boude-par-sanchez-guaido-appelle-ses-partisans-a-rester-debout\/\">Cliquez ici pour lire l&rsquo;article depuis sa source.<\/a><\/p>\n","protected":false},"excerpt":{"rendered":"<p>Publi\u00e9 le 25.01.2020 \u00e0 22h50 par AFP L\u2019opposant v\u00e9n\u00e9zu\u00e9lien Juan Guaido a demand\u00e9 samedi \u00e0 des milliers de partisans de \u00ab\u00a0rester debout face \u00e0 la dictature\u00a0\u00bb de Nicolas Maduro lors d\u2019une visite \u00e0 Madrid o\u00f9 il n\u2019a pas \u00e9t\u00e9 re\u00e7u par le chef du gouvernement Pedro Sanchez. \u00ab\u00a0Je vous demande de ne jamais vous agenouiller [&hellip;]<\/p>\n","protected":false},"author":1965,"featured_media":0,"comment_status":"closed","ping_status":"closed","sticky":false,"template":"","format":"standard","meta":{"fifu_image_url":"","fifu_image_alt":"","footnotes":""},"categories":[73,82],"tags":[],"class_list":["post-74164","post","type-post","status-publish","format-standard","hentry","category-actualite","category-cameroun"],"_links":{"self":[{"href":"https:\/\/linitiative.ca\/International\/wp-json\/wp\/v2\/posts\/74164","targetHints":{"allow":["GET"]}}],"collection":[{"href":"https:\/\/linitiative.ca\/International\/wp-json\/wp\/v2\/posts"}],"about":[{"href":"https:\/\/linitiative.ca\/International\/wp-json\/wp\/v2\/types\/post"}],"author":[{"embeddable":true,"href":"https:\/\/linitiative.ca\/International\/wp-json\/wp\/v2\/users\/1965"}],"replies":[{"embeddable":true,"href":"https:\/\/linitiative.ca\/International\/wp-json\/wp\/v2\/comments?post=74164"}],"version-history":[{"count":0,"href":"https:\/\/linitiative.ca\/International\/wp-json\/wp\/v2\/posts\/74164\/revisions"}],"wp:attachment":[{"href":"https:\/\/linitiative.ca\/International\/wp-json\/wp\/v2\/media?parent=74164"}],"wp:term":[{"taxonomy":"category","embeddable":true,"href":"https:\/\/linitiative.ca\/International\/wp-json\/wp\/v2\/categories?post=74164"},{"taxonomy":"post_tag","embeddable":true,"href":"https:\/\/linitiative.ca\/International\/wp-json\/wp\/v2\/tags?post=74164"}],"curies":[{"name":"wp","href":"https:\/\/api.w.org\/{rel}","templated":true}]}}